{"id":18596,"date":"2022-12-10T22:37:50","date_gmt":"2022-12-10T22:37:50","guid":{"rendered":"https:\/\/www.capilclinic.es\/blog\/?p=18596"},"modified":"2022-11-29T00:20:49","modified_gmt":"2022-11-29T00:20:49","slug":"desenredar-el-pelo","status":"publish","type":"post","link":"https:\/\/www.capilclinic.es\/blog\/desenredar-el-pelo\/","title":{"rendered":"\u00bfC\u00f3mo desenredar el pelo sin da\u00f1arlo?"},"content":{"rendered":"<div id=\"ez-toc-container\" class=\"ez-toc-v2_0_87 ez-toc-wrap-center counter-hierarchy ez-toc-counter ez-toc-grey ez-toc-container-direction\">\n<p class=\"ez-toc-title\" style=\"cursor:inherit\">Contenidos<\/p>\n<label for=\"ez-toc-cssicon-toggle-item-6a957ffcb8a78\" class=\"ez-toc-cssicon-toggle-label\"><span class=\"ez-toc-cssicon\"><span class=\"eztoc-hide\" style=\"display:none;\">Toggle<\/span><span class=\"ez-toc-icon-toggle-span\"><svg style=\"fill: #999;color:#999\" xmlns=\"http:\/\/www.w3.org\/2000\/svg\" class=\"list-377408\" width=\"20px\" height=\"20px\" viewBox=\"0 0 24 24\" fill=\"none\"><path d=\"M6 6H4v2h2V6zm14 0H8v2h12V6zM4 11h2v2H4v-2zm16 0H8v2h12v-2zM4 16h2v2H4v-2zm16 0H8v2h12v-2z\" fill=\"currentColor\"><\/path><\/svg><svg style=\"fill: #999;color:#999\" class=\"arrow-unsorted-368013\" xmlns=\"http:\/\/www.w3.org\/2000\/svg\" width=\"10px\" height=\"10px\" viewBox=\"0 0 24 24\" version=\"1.2\" baseProfile=\"tiny\"><path d=\"M18.2 9.3l-6.2-6.3-6.2 6.3c-.2.2-.3.4-.3.7s.1.5.3.7c.2.2.4.3.7.3h11c.3 0 .5-.1.7-.3.2-.2.3-.5.3-.7s-.1-.5-.3-.7zM5.8 14.7l6.2 6.3 6.2-6.3c.2-.2.3-.5.3-.7s-.1-.5-.3-.7c-.2-.2-.4-.3-.7-.3h-11c-.3 0-.5.1-.7.3-.2.2-.3.5-.3.7s.1.5.3.7z\"\/><\/svg><\/span><\/span><\/label><input type=\"checkbox\"  id=\"ez-toc-cssicon-toggle-item-6a957ffcb8a78\"  aria-label=\"Alternar\" \/><nav><ul class='ez-toc-list ez-toc-list-level-1 ' ><li class='ez-toc-page-1 ez-toc-heading-level-2'><a class=\"ez-toc-link ez-toc-heading-1\" href=\"https:\/\/www.capilclinic.es\/blog\/desenredar-el-pelo\/#%C2%BFPor_que_se_me_enreda_tanto_el_pelo\" >\u00bfPor qu\u00e9 se me enreda tanto el pelo?<\/a><\/li><li class='ez-toc-page-1 ez-toc-heading-level-2'><a class=\"ez-toc-link ez-toc-heading-2\" href=\"https:\/\/www.capilclinic.es\/blog\/desenredar-el-pelo\/#_%C2%BFComo_desenredar_el_pelo_sin_danarlo\" >\u00a0\u00bfC\u00f3mo desenredar el pelo sin da\u00f1arlo?<\/a><ul class='ez-toc-list-level-3' ><li class='ez-toc-heading-level-3'><a class=\"ez-toc-link ez-toc-heading-3\" href=\"https:\/\/www.capilclinic.es\/blog\/desenredar-el-pelo\/#Peinar_antes_de_lavar\" >Peinar antes de lavar<\/a><\/li><li class='ez-toc-page-1 ez-toc-heading-level-3'><a class=\"ez-toc-link ez-toc-heading-4\" href=\"https:\/\/www.capilclinic.es\/blog\/desenredar-el-pelo\/#No_enroscar_al_lavarlo\" >No enroscar al lavarlo<\/a><\/li><li class='ez-toc-page-1 ez-toc-heading-level-3'><a class=\"ez-toc-link ez-toc-heading-5\" href=\"https:\/\/www.capilclinic.es\/blog\/desenredar-el-pelo\/#Eliminar_todos_los_productos_aplicados\" >Eliminar todos los productos aplicados<\/a><\/li><li class='ez-toc-page-1 ez-toc-heading-level-3'><a class=\"ez-toc-link ez-toc-heading-6\" href=\"https:\/\/www.capilclinic.es\/blog\/desenredar-el-pelo\/#Evitar_la_friccion\" >Evitar la fricci\u00f3n<\/a><\/li><li class='ez-toc-page-1 ez-toc-heading-level-3'><a class=\"ez-toc-link ez-toc-heading-7\" href=\"https:\/\/www.capilclinic.es\/blog\/desenredar-el-pelo\/#Cepillar_con_mucho_cuidado\" >Cepillar con mucho cuidado<\/a><\/li><li class='ez-toc-page-1 ez-toc-heading-level-3'><a class=\"ez-toc-link ez-toc-heading-8\" href=\"https:\/\/www.capilclinic.es\/blog\/desenredar-el-pelo\/#%C2%BFQue_cepillo_usar\" >\u00bfQu\u00e9 cepillo usar?<\/a><\/li><li class='ez-toc-page-1 ez-toc-heading-level-3'><a class=\"ez-toc-link ez-toc-heading-9\" href=\"https:\/\/www.capilclinic.es\/blog\/desenredar-el-pelo\/#Usa_el_secador_con_prudencia\" >Usa el secador con prudencia<\/a><\/li><li class='ez-toc-page-1 ez-toc-heading-level-3'><a class=\"ez-toc-link ez-toc-heading-10\" href=\"https:\/\/www.capilclinic.es\/blog\/desenredar-el-pelo\/#Manten_tu_pelo_siempre_hidratado\" >Mant\u00e9n tu pelo siempre hidratado<\/a><\/li><\/ul><\/li><li class='ez-toc-page-1 ez-toc-heading-level-2'><a class=\"ez-toc-link ez-toc-heading-11\" href=\"https:\/\/www.capilclinic.es\/blog\/desenredar-el-pelo\/#Consecuencias_de_desenredar_mal_el_pelo\" >Consecuencias de desenredar mal el pelo<\/a><ul class='ez-toc-list-level-3' ><li class='ez-toc-heading-level-3'><a class=\"ez-toc-link ez-toc-heading-12\" href=\"https:\/\/www.capilclinic.es\/blog\/desenredar-el-pelo\/#Puntas_abiertas\" >Puntas abiertas<\/a><\/li><li class='ez-toc-page-1 ez-toc-heading-level-3'><a class=\"ez-toc-link ez-toc-heading-13\" href=\"https:\/\/www.capilclinic.es\/blog\/desenredar-el-pelo\/#_Cabello_aspero\" >\u00a0Cabello \u00e1spero<\/a><\/li><li class='ez-toc-page-1 ez-toc-heading-level-3'><a class=\"ez-toc-link ez-toc-heading-14\" href=\"https:\/\/www.capilclinic.es\/blog\/desenredar-el-pelo\/#Quiebre\" >Quiebre<\/a><\/li><li class='ez-toc-page-1 ez-toc-heading-level-3'><a class=\"ez-toc-link ez-toc-heading-15\" href=\"https:\/\/www.capilclinic.es\/blog\/desenredar-el-pelo\/#Opacidad\" >Opacidad<\/a><\/li><\/ul><\/li><\/ul><\/nav><\/div>\n<p>Si este art\u00edculo es de tu inter\u00e9s, es posible que sufras siempre que deseas peinar tu <strong>pelo<\/strong>. Si cada vez debes enfrentarte a una mara\u00f1a llena de <strong>nudos<\/strong>, es necesario que aprendas c\u00f3mo <strong>desenredar el pelo sin da\u00f1arlo<\/strong>. Y es que intentar deshacer este problema puede ser una verdadera pesadilla. Es por ello que a continuaci\u00f3n encontrar\u00e1s algunos consejos que te permitir\u00e1n tener un pelo libre de enredos, saludable y hermoso.<\/p>\n<p>Lo principal a tener en cuenta, es que nuestro <strong>cabello<\/strong> se enreda debido a la fricci\u00f3n. Cuando, adem\u00e1s, se encuentra maltratado, reseco o quemado por el abuso de productos qu\u00edmicos y la exposici\u00f3n solar, los nudos se forman con m\u00e1s rapidez. Si la melena se encuentra en estas condiciones, la parte exterior del pelo se vuelve \u00e1spera, enred\u00e1ndose todo el tiempo. Lo que hace necesario mantener unos <strong>cuidados capilares<\/strong> especiales, que permitan a la cabellera encontrarse m\u00e1s sedosa. Aqu\u00ed conocer\u00e1s, como atender tu pelo y desenredarlo sin causarle da\u00f1o.<\/p>\n<h2><span class=\"ez-toc-section\" id=\"%C2%BFPor_que_se_me_enreda_tanto_el_pelo\"><\/span>\u00bfPor qu\u00e9 se me enreda tanto el pelo?<span class=\"ez-toc-section-end\"><\/span><\/h2>\n<p>La realidad es que el cabello no tiene la culpa de esta situaci\u00f3n. Es el cuidado que le brindamos, lo que determina su facilidad para enredarse. Cuando el pelo se enreda demasiado, es posible que se deba a muchos de estos factores:<\/p>\n<ul>\n<li>El \u00faltimo corte de pelo realizado fue hace m\u00e1s de dos a\u00f1os.<\/li>\n<li>El cabello se encuentra reseco debido a la exposici\u00f3n solar y la influencia del agua clorada.<\/li>\n<li>A la hora de lavar la melena, el champ\u00fa utilizado contiene sulfatos.<\/li>\n<li>Se posee un cabello te\u00f1ido, principalmente decolorado.<\/li>\n<li>El uso de sacadores y planchas es muy frecuente.<\/li>\n<li>No se aplican tratamientos capilares nutritivos o hidratantes hace mucho tiempo.<\/li>\n<\/ul>\n<h2><span class=\"ez-toc-section\" id=\"_%C2%BFComo_desenredar_el_pelo_sin_danarlo\"><\/span>\u00a0\u00bfC\u00f3mo desenredar el pelo sin da\u00f1arlo?<span class=\"ez-toc-section-end\"><\/span><\/h2>\n<p><img loading=\"lazy\" decoding=\"async\" class=\"aligncenter size-full wp-image-18597\" src=\"https:\/\/www.capilclinic.es\/blog\/wp-content\/uploads\/2022\/11\/desenredar-pelo.jpg\" alt=\"\" width=\"600\" height=\"400\" srcset=\"https:\/\/www.capilclinic.es\/blog\/wp-content\/uploads\/2022\/11\/desenredar-pelo.jpg 600w, https:\/\/www.capilclinic.es\/blog\/wp-content\/uploads\/2022\/11\/desenredar-pelo-300x200.jpg 300w\" sizes=\"auto, (max-width: 600px) 100vw, 600px\" \/><\/p>\n<h3><span class=\"ez-toc-section\" id=\"Peinar_antes_de_lavar\"><\/span>Peinar antes de lavar<span class=\"ez-toc-section-end\"><\/span><\/h3>\n<p>Se recomienda cepillar el cabello antes de lavarlo, debido a que, estando mojado es m\u00e1s fr\u00e1gil. Cuando el pelo se encuentra h\u00famedo es muy f\u00e1cil que su fibra se rompa.<\/p>\n<h3><span class=\"ez-toc-section\" id=\"No_enroscar_al_lavarlo\"><\/span>No enroscar al lavarlo<span class=\"ez-toc-section-end\"><\/span><\/h3>\n<p>No se aconseja enroscar todo el cabello hacia arriba para aplicar el champ\u00fa. En el caso de melenas largas, lo mejor es dejar que el pelo caiga por la espalda, evitando as\u00ed crear nudos.<\/p>\n<h3><span class=\"ez-toc-section\" id=\"Eliminar_todos_los_productos_aplicados\"><\/span>Eliminar todos los productos aplicados<span class=\"ez-toc-section-end\"><\/span><\/h3>\n<p>Para mantener la salud del cuero cabelludo y el cabello, es importante aclarar los productos correctamente, con abundante agua templada. Dejar residuos en la cabellera es otro factor que puede provocar enredos. Por lo que es necesario dedicarle el tiempo adecuado al aseo del cabello, para evitar que queden cosm\u00e9ticos que resulten perjudiciales.<\/p>\n<h3><span class=\"ez-toc-section\" id=\"Evitar_la_friccion\"><\/span>Evitar la fricci\u00f3n<span class=\"ez-toc-section-end\"><\/span><\/h3>\n<p>Al concluir el lavado, es imperioso evitar frotar la melena con la toalla para quitarle humedad. Es preferible utilizar una toalla de tipo turbante, envolviendo suavemente en ella la melena. Luego de unos minutos, se debe retirar y secar solo las puntas con ligeros toques. A continuaci\u00f3n, se debe peinar con mucho cuidado, preferiblemente con las manos, ya que el pelo h\u00famedo es muy quebradizo.<\/p>\n<h3><span class=\"ez-toc-section\" id=\"Cepillar_con_mucho_cuidado\"><\/span>Cepillar con mucho cuidado<span class=\"ez-toc-section-end\"><\/span><\/h3>\n<p>Al momento de desenredar el pelo, se debe empezar desde las puntas. Esto permite ir deshaciendo los nudos desde la parte de abajo, solt\u00e1ndolos de forma suave sin desprender el pelo de la ra\u00edz.<\/p>\n<h3><span class=\"ez-toc-section\" id=\"%C2%BFQue_cepillo_usar\"><\/span>\u00bfQu\u00e9 cepillo usar?<span class=\"ez-toc-section-end\"><\/span><\/h3>\n<p>El cabello de cada persona es diferente y seg\u00fan el tipo, se requiere un tipo de cepillo concreto. Luego de lavarlo, se recomienda peinar con los dedos o con un peine de p\u00faas muy separadas. Al estar seco, se debe tener mayor cuidado con el cepillo a utilizar. Para las melenas rizadas, son ideales los cepillos planos, de esqueleto o de raqueta. Para un pelo m\u00e1s delicado, lo mejor ser\u00e1 escoger un cepillo de nylon. As\u00ed seg\u00fan las caracter\u00edsticas de tu cabello. Un estilista o especialista capilar podr\u00e1 ayudarte a escoger el mejor.<\/p>\n<h3><span class=\"ez-toc-section\" id=\"Usa_el_secador_con_prudencia\"><\/span>Usa el secador con prudencia<span class=\"ez-toc-section-end\"><\/span><\/h3>\n<p>Si posees una cabellera que se enreda con facilidad, lo ideal es utilizar el secador hacia abajo, separando los mechones del cabello con un peine, cepillo o los dedos. Con esto, es posible evitar en gran medida la formaci\u00f3n de nudos.<\/p>\n<h3><span class=\"ez-toc-section\" id=\"Manten_tu_pelo_siempre_hidratado\"><\/span>Mant\u00e9n tu pelo siempre hidratado<span class=\"ez-toc-section-end\"><\/span><\/h3>\n<p>No olvides incluir de forma frecuente, un tratamiento o mascarilla capilar que hidrate y suavice la melena. Esto ayudar\u00e1 a reducir la fricci\u00f3n, los nudos y los enredos.<\/p>\n<h2><span class=\"ez-toc-section\" id=\"Consecuencias_de_desenredar_mal_el_pelo\"><\/span>Consecuencias de desenredar mal el pelo<span class=\"ez-toc-section-end\"><\/span><\/h2>\n<h3><span class=\"ez-toc-section\" id=\"Puntas_abiertas\"><\/span>Puntas abiertas<span class=\"ez-toc-section-end\"><\/span><\/h3>\n<p>Si las hebras de tu pelo presentan puntos blancos a lo largo de su extensi\u00f3n o sus extremos se encuentran por completo divididos, se trata de las puntas abiertas. Es el resultado de desenredar el cabello de forma incorrecta, someterlo a intensas jornadas de calor y no protegerlo de factores ambientales. Todo esto, desgasta progresivamente la cut\u00edcula del cabello, haciendo que se mire maltratado. La capa que lo cubre se desgasta, quebr\u00e1ndose y generando la apariencia de puntas abiertas.<\/p>\n<h3><span class=\"ez-toc-section\" id=\"_Cabello_aspero\"><\/span>\u00a0Cabello \u00e1spero<span class=\"ez-toc-section-end\"><\/span><\/h3>\n<p>Si el cabello se siente \u00e1spero al tacto, es un signo inequ\u00edvoco de que al cepillarlo, lo estamos maltratando. Esto ocurre principalmente cuando halamos demasiado, cuando se peina la melena h\u00fameda o se cambia constantemente su estructura. Adem\u00e1s de desenredarlo mal, tambi\u00e9n es consecuencia de continuos alisados, permanentes, tintes y dem\u00e1s productos qu\u00edmicos que debilitan el pelo.<\/p>\n<h3><span class=\"ez-toc-section\" id=\"Quiebre\"><\/span>Quiebre<span class=\"ez-toc-section-end\"><\/span><\/h3>\n<p>El cabello que se ha debilitado debido a una t\u00e9cnica incorrecta de desenredo, tiende a quebrarse con m\u00e1s facilidad. Aumentando estas posibilidades, cuando se utilizan demasiados productos qu\u00edmicos, se aplica calor constantemente y las puntas no se recortan con regularidad. Conforme el da\u00f1o se hace mayor, las escamas del pelo se elevan m\u00e1s y m\u00e1s, hasta perderse. Al pasar el tiempo, las hebras se quiebran o se cortan debido al da\u00f1o.<\/p>\n<h3><span class=\"ez-toc-section\" id=\"Opacidad\"><\/span>Opacidad<span class=\"ez-toc-section-end\"><\/span><\/h3>\n<p>Ya queda claro que brindar una atenci\u00f3n incorrecta a la melena la maltrata y la da\u00f1a profundamente. Uno de los s\u00edntomas m\u00e1s evidentes de que el pelo se encuentra da\u00f1ado, es la opacidad y la falta de vida. Cuando se maltrata al cabello, las cut\u00edculas se levantan, por lo que no es posible para \u00e9l, reflejar la luz. Haciendo que comience a perder el brillo caracter\u00edstico de un pelo sano.<\/p>\n<p>Si te ha gustado este art\u00edculo, tambi\u00e9n te puede interesar: <a title=\"\u00bfC\u00f3mo influye la contaminaci\u00f3n en la p\u00e9rdida de pelo?\" href=\"https:\/\/www.capilclinic.es\/blog\/influye-contaminacion-perdida-pelo\/\">\u00bfC\u00f3mo influye la contaminaci\u00f3n en la p\u00e9rdida de pelo?<\/a><\/p>\n","protected":false},"excerpt":{"rendered":"<p>Si este art\u00edculo es de tu inter\u00e9s, es posible que sufras siempre que deseas peinar tu pelo. Si cada vez debes enfrentarte a una mara\u00f1a&hellip; <\/p>\n","protected":false},"author":1,"featured_media":18598,"comment_status":"open","ping_status":"open","sticky":false,"template":"","format":"standard","meta":{"footnotes":""},"categories":[25],"tags":[],"class_list":["post-18596","post","type-post","status-publish","format-standard","has-post-thumbnail","hentry","category-noticias"],"yoast_head":"<!-- This site is optimized with the Yoast SEO plugin v28.3 - https:\/\/yoast.com\/product\/yoast-seo-wordpress\/ -->\n<title>\u00bfC\u00f3mo desenredar el pelo sin da\u00f1arlo? - Capilclinic \u2714\ufe0f<\/title>\n<meta name=\"description\" content=\"En \u00e9sta entrada del blog hablaremos de \u00bfC\u00f3mo desenredar el pelo sin da\u00f1arlo? . Capilclinic cl\u00ednica l\u00edder de injerto capilar en Espa\u00f1a y Turqu\u00eda\" \/>\n<meta name=\"robots\" content=\"index, follow, max-snippet:-1, max-image-preview:large, max-video-preview:-1\" \/>\n<link rel=\"canonical\" href=\"https:\/\/www.capilclinic.es\/blog\/desenredar-el-pelo\/\" \/>\n<meta property=\"og:locale\" content=\"es_ES\" \/>\n<meta property=\"og:type\" content=\"article\" \/>\n<meta property=\"og:title\" content=\"\u00bfC\u00f3mo desenredar el pelo sin da\u00f1arlo? - Capilclinic \u2714\ufe0f\" \/>\n<meta property=\"og:description\" content=\"En \u00e9sta entrada del blog hablaremos de \u00bfC\u00f3mo desenredar el pelo sin da\u00f1arlo? . Capilclinic cl\u00ednica l\u00edder de injerto capilar en Espa\u00f1a y Turqu\u00eda\" \/>\n<meta property=\"og:url\" content=\"https:\/\/www.capilclinic.es\/blog\/desenredar-el-pelo\/\" \/>\n<meta property=\"og:site_name\" content=\"Capilclinic\" \/>\n<meta property=\"article:published_time\" content=\"2022-12-10T22:37:50+00:00\" \/>\n<meta property=\"og:image\" content=\"https:\/\/www.capilclinic.es\/blog\/wp-content\/uploads\/2022\/11\/desenredar-el-pelo-sin-danarlo.jpg\" \/>\n\t<meta property=\"og:image:width\" content=\"600\" \/>\n\t<meta property=\"og:image:height\" content=\"400\" \/>\n\t<meta property=\"og:image:type\" content=\"image\/jpeg\" \/>\n<meta name=\"author\" content=\"Capilclinic\" \/>\n<meta name=\"twitter:card\" content=\"summary_large_image\" \/>\n<meta name=\"twitter:label1\" content=\"Escrito por\" \/>\n\t<meta name=\"twitter:data1\" content=\"Capilclinic\" \/>\n\t<meta name=\"twitter:label2\" content=\"Tiempo de lectura\" \/>\n\t<meta name=\"twitter:data2\" content=\"5 minutos\" \/>\n<script type=\"application\/ld+json\" class=\"yoast-schema-graph\">{\"@context\":\"https:\\\/\\\/schema.org\",\"@graph\":[{\"@type\":\"Article\",\"@id\":\"https:\\\/\\\/www.capilclinic.es\\\/blog\\\/desenredar-el-pelo\\\/#article\",\"isPartOf\":{\"@id\":\"https:\\\/\\\/www.capilclinic.es\\\/blog\\\/desenredar-el-pelo\\\/\"},\"author\":{\"name\":\"Capilclinic\",\"@id\":\"https:\\\/\\\/www.capilclinic.es\\\/blog\\\/#\\\/schema\\\/person\\\/5e4a1211036879a3554b32b35757eff7\"},\"headline\":\"\u00bfC\u00f3mo desenredar el pelo sin da\u00f1arlo?\",\"datePublished\":\"2022-12-10T22:37:50+00:00\",\"mainEntityOfPage\":{\"@id\":\"https:\\\/\\\/www.capilclinic.es\\\/blog\\\/desenredar-el-pelo\\\/\"},\"wordCount\":1080,\"commentCount\":0,\"publisher\":{\"@id\":\"https:\\\/\\\/www.capilclinic.es\\\/blog\\\/#organization\"},\"image\":{\"@id\":\"https:\\\/\\\/www.capilclinic.es\\\/blog\\\/desenredar-el-pelo\\\/#primaryimage\"},\"thumbnailUrl\":\"https:\\\/\\\/www.capilclinic.es\\\/blog\\\/wp-content\\\/uploads\\\/2022\\\/11\\\/desenredar-el-pelo-sin-danarlo.jpg\",\"articleSection\":[\"Noticias\"],\"inLanguage\":\"es\",\"potentialAction\":[{\"@type\":\"CommentAction\",\"name\":\"Comment\",\"target\":[\"https:\\\/\\\/www.capilclinic.es\\\/blog\\\/desenredar-el-pelo\\\/#respond\"]}]},{\"@type\":\"WebPage\",\"@id\":\"https:\\\/\\\/www.capilclinic.es\\\/blog\\\/desenredar-el-pelo\\\/\",\"url\":\"https:\\\/\\\/www.capilclinic.es\\\/blog\\\/desenredar-el-pelo\\\/\",\"name\":\"\u00bfC\u00f3mo desenredar el pelo sin da\u00f1arlo? - Capilclinic \u2714\ufe0f\",\"isPartOf\":{\"@id\":\"https:\\\/\\\/www.capilclinic.es\\\/blog\\\/#website\"},\"primaryImageOfPage\":{\"@id\":\"https:\\\/\\\/www.capilclinic.es\\\/blog\\\/desenredar-el-pelo\\\/#primaryimage\"},\"image\":{\"@id\":\"https:\\\/\\\/www.capilclinic.es\\\/blog\\\/desenredar-el-pelo\\\/#primaryimage\"},\"thumbnailUrl\":\"https:\\\/\\\/www.capilclinic.es\\\/blog\\\/wp-content\\\/uploads\\\/2022\\\/11\\\/desenredar-el-pelo-sin-danarlo.jpg\",\"datePublished\":\"2022-12-10T22:37:50+00:00\",\"description\":\"En \u00e9sta entrada del blog hablaremos de \u00bfC\u00f3mo desenredar el pelo sin da\u00f1arlo? . Capilclinic cl\u00ednica l\u00edder de injerto capilar en Espa\u00f1a y Turqu\u00eda\",\"breadcrumb\":{\"@id\":\"https:\\\/\\\/www.capilclinic.es\\\/blog\\\/desenredar-el-pelo\\\/#breadcrumb\"},\"inLanguage\":\"es\",\"potentialAction\":[{\"@type\":\"ReadAction\",\"target\":[\"https:\\\/\\\/www.capilclinic.es\\\/blog\\\/desenredar-el-pelo\\\/\"]}]},{\"@type\":\"ImageObject\",\"inLanguage\":\"es\",\"@id\":\"https:\\\/\\\/www.capilclinic.es\\\/blog\\\/desenredar-el-pelo\\\/#primaryimage\",\"url\":\"https:\\\/\\\/www.capilclinic.es\\\/blog\\\/wp-content\\\/uploads\\\/2022\\\/11\\\/desenredar-el-pelo-sin-danarlo.jpg\",\"contentUrl\":\"https:\\\/\\\/www.capilclinic.es\\\/blog\\\/wp-content\\\/uploads\\\/2022\\\/11\\\/desenredar-el-pelo-sin-danarlo.jpg\",\"width\":600,\"height\":400},{\"@type\":\"BreadcrumbList\",\"@id\":\"https:\\\/\\\/www.capilclinic.es\\\/blog\\\/desenredar-el-pelo\\\/#breadcrumb\",\"itemListElement\":[{\"@type\":\"ListItem\",\"position\":1,\"name\":\"Portada\",\"item\":\"https:\\\/\\\/www.capilclinic.es\\\/blog\\\/\"},{\"@type\":\"ListItem\",\"position\":2,\"name\":\"\u00bfC\u00f3mo desenredar el pelo sin da\u00f1arlo?\"}]},{\"@type\":\"WebSite\",\"@id\":\"https:\\\/\\\/www.capilclinic.es\\\/blog\\\/#website\",\"url\":\"https:\\\/\\\/www.capilclinic.es\\\/blog\\\/\",\"name\":\"Capilclinic\",\"description\":\"Blog del Mundo Capilar\",\"publisher\":{\"@id\":\"https:\\\/\\\/www.capilclinic.es\\\/blog\\\/#organization\"},\"potentialAction\":[{\"@type\":\"SearchAction\",\"target\":{\"@type\":\"EntryPoint\",\"urlTemplate\":\"https:\\\/\\\/www.capilclinic.es\\\/blog\\\/?s={search_term_string}\"},\"query-input\":{\"@type\":\"PropertyValueSpecification\",\"valueRequired\":true,\"valueName\":\"search_term_string\"}}],\"inLanguage\":\"es\"},{\"@type\":\"Organization\",\"@id\":\"https:\\\/\\\/www.capilclinic.es\\\/blog\\\/#organization\",\"name\":\"Capilclinic\",\"url\":\"https:\\\/\\\/www.capilclinic.es\\\/blog\\\/\",\"logo\":{\"@type\":\"ImageObject\",\"inLanguage\":\"es\",\"@id\":\"https:\\\/\\\/www.capilclinic.es\\\/blog\\\/#\\\/schema\\\/logo\\\/image\\\/\",\"url\":\"https:\\\/\\\/www.capilclinic.es\\\/blog\\\/wp-content\\\/uploads\\\/2022\\\/06\\\/cropped-Logo-Capil-Clinic-colorizado-300x44-1.png\",\"contentUrl\":\"https:\\\/\\\/www.capilclinic.es\\\/blog\\\/wp-content\\\/uploads\\\/2022\\\/06\\\/cropped-Logo-Capil-Clinic-colorizado-300x44-1.png\",\"width\":300,\"height\":44,\"caption\":\"Capilclinic\"},\"image\":{\"@id\":\"https:\\\/\\\/www.capilclinic.es\\\/blog\\\/#\\\/schema\\\/logo\\\/image\\\/\"}},{\"@type\":\"Person\",\"@id\":\"https:\\\/\\\/www.capilclinic.es\\\/blog\\\/#\\\/schema\\\/person\\\/5e4a1211036879a3554b32b35757eff7\",\"name\":\"Capilclinic\",\"image\":{\"@type\":\"ImageObject\",\"inLanguage\":\"es\",\"@id\":\"https:\\\/\\\/secure.gravatar.com\\\/avatar\\\/4fc5776d2e8f1375c50008b9868b6a6d05418936cdd0d8a847670fe38f125806?s=96&d=mm&r=g\",\"url\":\"https:\\\/\\\/secure.gravatar.com\\\/avatar\\\/4fc5776d2e8f1375c50008b9868b6a6d05418936cdd0d8a847670fe38f125806?s=96&d=mm&r=g\",\"contentUrl\":\"https:\\\/\\\/secure.gravatar.com\\\/avatar\\\/4fc5776d2e8f1375c50008b9868b6a6d05418936cdd0d8a847670fe38f125806?s=96&d=mm&r=g\",\"caption\":\"Capilclinic\"},\"sameAs\":[\"https:\\\/\\\/www.capilclinic.es\\\/\"]}]}<\/script>\n<!-- \/ Yoast SEO plugin. -->","yoast_head_json":{"title":"\u00bfC\u00f3mo desenredar el pelo sin da\u00f1arlo? - Capilclinic \u2714\ufe0f","description":"En \u00e9sta entrada del blog hablaremos de \u00bfC\u00f3mo desenredar el pelo sin da\u00f1arlo? . Capilclinic cl\u00ednica l\u00edder de injerto capilar en Espa\u00f1a y Turqu\u00eda","robots":{"index":"index","follow":"follow","max-snippet":"max-snippet:-1","max-image-preview":"max-image-preview:large","max-video-preview":"max-video-preview:-1"},"canonical":"https:\/\/www.capilclinic.es\/blog\/desenredar-el-pelo\/","og_locale":"es_ES","og_type":"article","og_title":"\u00bfC\u00f3mo desenredar el pelo sin da\u00f1arlo? - Capilclinic \u2714\ufe0f","og_description":"En \u00e9sta entrada del blog hablaremos de \u00bfC\u00f3mo desenredar el pelo sin da\u00f1arlo? . Capilclinic cl\u00ednica l\u00edder de injerto capilar en Espa\u00f1a y Turqu\u00eda","og_url":"https:\/\/www.capilclinic.es\/blog\/desenredar-el-pelo\/","og_site_name":"Capilclinic","article_published_time":"2022-12-10T22:37:50+00:00","og_image":[{"width":600,"height":400,"url":"https:\/\/www.capilclinic.es\/blog\/wp-content\/uploads\/2022\/11\/desenredar-el-pelo-sin-danarlo.jpg","type":"image\/jpeg"}],"author":"Capilclinic","twitter_card":"summary_large_image","twitter_misc":{"Escrito por":"Capilclinic","Tiempo de lectura":"5 minutos"},"schema":{"@context":"https:\/\/schema.org","@graph":[{"@type":"Article","@id":"https:\/\/www.capilclinic.es\/blog\/desenredar-el-pelo\/#article","isPartOf":{"@id":"https:\/\/www.capilclinic.es\/blog\/desenredar-el-pelo\/"},"author":{"name":"Capilclinic","@id":"https:\/\/www.capilclinic.es\/blog\/#\/schema\/person\/5e4a1211036879a3554b32b35757eff7"},"headline":"\u00bfC\u00f3mo desenredar el pelo sin da\u00f1arlo?","datePublished":"2022-12-10T22:37:50+00:00","mainEntityOfPage":{"@id":"https:\/\/www.capilclinic.es\/blog\/desenredar-el-pelo\/"},"wordCount":1080,"commentCount":0,"publisher":{"@id":"https:\/\/www.capilclinic.es\/blog\/#organization"},"image":{"@id":"https:\/\/www.capilclinic.es\/blog\/desenredar-el-pelo\/#primaryimage"},"thumbnailUrl":"https:\/\/www.capilclinic.es\/blog\/wp-content\/uploads\/2022\/11\/desenredar-el-pelo-sin-danarlo.jpg","articleSection":["Noticias"],"inLanguage":"es","potentialAction":[{"@type":"CommentAction","name":"Comment","target":["https:\/\/www.capilclinic.es\/blog\/desenredar-el-pelo\/#respond"]}]},{"@type":"WebPage","@id":"https:\/\/www.capilclinic.es\/blog\/desenredar-el-pelo\/","url":"https:\/\/www.capilclinic.es\/blog\/desenredar-el-pelo\/","name":"\u00bfC\u00f3mo desenredar el pelo sin da\u00f1arlo? - Capilclinic \u2714\ufe0f","isPartOf":{"@id":"https:\/\/www.capilclinic.es\/blog\/#website"},"primaryImageOfPage":{"@id":"https:\/\/www.capilclinic.es\/blog\/desenredar-el-pelo\/#primaryimage"},"image":{"@id":"https:\/\/www.capilclinic.es\/blog\/desenredar-el-pelo\/#primaryimage"},"thumbnailUrl":"https:\/\/www.capilclinic.es\/blog\/wp-content\/uploads\/2022\/11\/desenredar-el-pelo-sin-danarlo.jpg","datePublished":"2022-12-10T22:37:50+00:00","description":"En \u00e9sta entrada del blog hablaremos de \u00bfC\u00f3mo desenredar el pelo sin da\u00f1arlo? . Capilclinic cl\u00ednica l\u00edder de injerto capilar en Espa\u00f1a y Turqu\u00eda","breadcrumb":{"@id":"https:\/\/www.capilclinic.es\/blog\/desenredar-el-pelo\/#breadcrumb"},"inLanguage":"es","potentialAction":[{"@type":"ReadAction","target":["https:\/\/www.capilclinic.es\/blog\/desenredar-el-pelo\/"]}]},{"@type":"ImageObject","inLanguage":"es","@id":"https:\/\/www.capilclinic.es\/blog\/desenredar-el-pelo\/#primaryimage","url":"https:\/\/www.capilclinic.es\/blog\/wp-content\/uploads\/2022\/11\/desenredar-el-pelo-sin-danarlo.jpg","contentUrl":"https:\/\/www.capilclinic.es\/blog\/wp-content\/uploads\/2022\/11\/desenredar-el-pelo-sin-danarlo.jpg","width":600,"height":400},{"@type":"BreadcrumbList","@id":"https:\/\/www.capilclinic.es\/blog\/desenredar-el-pelo\/#breadcrumb","itemListElement":[{"@type":"ListItem","position":1,"name":"Portada","item":"https:\/\/www.capilclinic.es\/blog\/"},{"@type":"ListItem","position":2,"name":"\u00bfC\u00f3mo desenredar el pelo sin da\u00f1arlo?"}]},{"@type":"WebSite","@id":"https:\/\/www.capilclinic.es\/blog\/#website","url":"https:\/\/www.capilclinic.es\/blog\/","name":"Capilclinic","description":"Blog del Mundo Capilar","publisher":{"@id":"https:\/\/www.capilclinic.es\/blog\/#organization"},"potentialAction":[{"@type":"SearchAction","target":{"@type":"EntryPoint","urlTemplate":"https:\/\/www.capilclinic.es\/blog\/?s={search_term_string}"},"query-input":{"@type":"PropertyValueSpecification","valueRequired":true,"valueName":"search_term_string"}}],"inLanguage":"es"},{"@type":"Organization","@id":"https:\/\/www.capilclinic.es\/blog\/#organization","name":"Capilclinic","url":"https:\/\/www.capilclinic.es\/blog\/","logo":{"@type":"ImageObject","inLanguage":"es","@id":"https:\/\/www.capilclinic.es\/blog\/#\/schema\/logo\/image\/","url":"https:\/\/www.capilclinic.es\/blog\/wp-content\/uploads\/2022\/06\/cropped-Logo-Capil-Clinic-colorizado-300x44-1.png","contentUrl":"https:\/\/www.capilclinic.es\/blog\/wp-content\/uploads\/2022\/06\/cropped-Logo-Capil-Clinic-colorizado-300x44-1.png","width":300,"height":44,"caption":"Capilclinic"},"image":{"@id":"https:\/\/www.capilclinic.es\/blog\/#\/schema\/logo\/image\/"}},{"@type":"Person","@id":"https:\/\/www.capilclinic.es\/blog\/#\/schema\/person\/5e4a1211036879a3554b32b35757eff7","name":"Capilclinic","image":{"@type":"ImageObject","inLanguage":"es","@id":"https:\/\/secure.gravatar.com\/avatar\/4fc5776d2e8f1375c50008b9868b6a6d05418936cdd0d8a847670fe38f125806?s=96&d=mm&r=g","url":"https:\/\/secure.gravatar.com\/avatar\/4fc5776d2e8f1375c50008b9868b6a6d05418936cdd0d8a847670fe38f125806?s=96&d=mm&r=g","contentUrl":"https:\/\/secure.gravatar.com\/avatar\/4fc5776d2e8f1375c50008b9868b6a6d05418936cdd0d8a847670fe38f125806?s=96&d=mm&r=g","caption":"Capilclinic"},"sameAs":["https:\/\/www.capilclinic.es\/"]}]}},"_links":{"self":[{"href":"https:\/\/www.capilclinic.es\/blog\/wp-json\/wp\/v2\/posts\/18596","targetHints":{"allow":["GET"]}}],"collection":[{"href":"https:\/\/www.capilclinic.es\/blog\/wp-json\/wp\/v2\/posts"}],"about":[{"href":"https:\/\/www.capilclinic.es\/blog\/wp-json\/wp\/v2\/types\/post"}],"author":[{"embeddable":true,"href":"https:\/\/www.capilclinic.es\/blog\/wp-json\/wp\/v2\/users\/1"}],"replies":[{"embeddable":true,"href":"https:\/\/www.capilclinic.es\/blog\/wp-json\/wp\/v2\/comments?post=18596"}],"version-history":[{"count":1,"href":"https:\/\/www.capilclinic.es\/blog\/wp-json\/wp\/v2\/posts\/18596\/revisions"}],"predecessor-version":[{"id":18599,"href":"https:\/\/www.capilclinic.es\/blog\/wp-json\/wp\/v2\/posts\/18596\/revisions\/18599"}],"wp:featuredmedia":[{"embeddable":true,"href":"https:\/\/www.capilclinic.es\/blog\/wp-json\/wp\/v2\/media\/18598"}],"wp:attachment":[{"href":"https:\/\/www.capilclinic.es\/blog\/wp-json\/wp\/v2\/media?parent=18596"}],"wp:term":[{"taxonomy":"category","embeddable":true,"href":"https:\/\/www.capilclinic.es\/blog\/wp-json\/wp\/v2\/categories?post=18596"},{"taxonomy":"post_tag","embeddable":true,"href":"https:\/\/www.capilclinic.es\/blog\/wp-json\/wp\/v2\/tags?post=18596"}],"curies":[{"name":"wp","href":"https:\/\/api.w.org\/{rel}","templated":true}]}}