{"id":18605,"date":"2022-12-16T20:31:33","date_gmt":"2022-12-16T20:31:33","guid":{"rendered":"https:\/\/www.capilclinic.es\/blog\/?p=18605"},"modified":"2022-11-29T23:58:31","modified_gmt":"2022-11-29T23:58:31","slug":"insomnio-pelo","status":"publish","type":"post","link":"https:\/\/www.capilclinic.es\/blog\/insomnio-pelo\/","title":{"rendered":"\u00bfC\u00f3mo afecta el insomnio a nuestro pelo?"},"content":{"rendered":"<div id=\"ez-toc-container\" class=\"ez-toc-v2_0_87 ez-toc-wrap-center counter-hierarchy ez-toc-counter ez-toc-grey ez-toc-container-direction\">\n<p class=\"ez-toc-title\" style=\"cursor:inherit\">Contenidos<\/p>\n<label for=\"ez-toc-cssicon-toggle-item-6a958abdeae7a\" class=\"ez-toc-cssicon-toggle-label\"><span class=\"ez-toc-cssicon\"><span class=\"eztoc-hide\" style=\"display:none;\">Toggle<\/span><span class=\"ez-toc-icon-toggle-span\"><svg style=\"fill: #999;color:#999\" xmlns=\"http:\/\/www.w3.org\/2000\/svg\" class=\"list-377408\" width=\"20px\" height=\"20px\" viewBox=\"0 0 24 24\" fill=\"none\"><path d=\"M6 6H4v2h2V6zm14 0H8v2h12V6zM4 11h2v2H4v-2zm16 0H8v2h12v-2zM4 16h2v2H4v-2zm16 0H8v2h12v-2z\" fill=\"currentColor\"><\/path><\/svg><svg style=\"fill: #999;color:#999\" class=\"arrow-unsorted-368013\" xmlns=\"http:\/\/www.w3.org\/2000\/svg\" width=\"10px\" height=\"10px\" viewBox=\"0 0 24 24\" version=\"1.2\" baseProfile=\"tiny\"><path d=\"M18.2 9.3l-6.2-6.3-6.2 6.3c-.2.2-.3.4-.3.7s.1.5.3.7c.2.2.4.3.7.3h11c.3 0 .5-.1.7-.3.2-.2.3-.5.3-.7s-.1-.5-.3-.7zM5.8 14.7l6.2 6.3 6.2-6.3c.2-.2.3-.5.3-.7s-.1-.5-.3-.7c-.2-.2-.4-.3-.7-.3h-11c-.3 0-.5.1-.7.3-.2.2-.3.5-.3.7s.1.5.3.7z\"\/><\/svg><\/span><\/span><\/label><input type=\"checkbox\"  id=\"ez-toc-cssicon-toggle-item-6a958abdeae7a\"  aria-label=\"Alternar\" \/><nav><ul class='ez-toc-list ez-toc-list-level-1 ' ><li class='ez-toc-page-1 ez-toc-heading-level-2'><a class=\"ez-toc-link ez-toc-heading-1\" href=\"https:\/\/www.capilclinic.es\/blog\/insomnio-pelo\/#%C2%BFQue_es_el_insomnio\" >\u00bfQu\u00e9 es el insomnio?<\/a><\/li><li class='ez-toc-page-1 ez-toc-heading-level-2'><a class=\"ez-toc-link ez-toc-heading-2\" href=\"https:\/\/www.capilclinic.es\/blog\/insomnio-pelo\/#%C2%BFComo_afecta_el_insomnio_al_cabello\" >\u00bfC\u00f3mo afecta el insomnio al cabello?<\/a><\/li><li class='ez-toc-page-1 ez-toc-heading-level-2'><a class=\"ez-toc-link ez-toc-heading-3\" href=\"https:\/\/www.capilclinic.es\/blog\/insomnio-pelo\/#%C2%BFSe_puede_combatir_el_insomnio\" >\u00bfSe puede combatir el insomnio?<\/a><ul class='ez-toc-list-level-3' ><li class='ez-toc-heading-level-3'><a class=\"ez-toc-link ez-toc-heading-4\" href=\"https:\/\/www.capilclinic.es\/blog\/insomnio-pelo\/#Evita_las_pantallas_antes_de_ir_a_la_cama\" >Evita las pantallas antes de ir a la cama<\/a><\/li><li class='ez-toc-page-1 ez-toc-heading-level-3'><a class=\"ez-toc-link ez-toc-heading-5\" href=\"https:\/\/www.capilclinic.es\/blog\/insomnio-pelo\/#Seguir_una_rutina_anti_estres_previo_a_acostarse\" >Seguir una rutina anti estr\u00e9s previo a acostarse<\/a><\/li><li class='ez-toc-page-1 ez-toc-heading-level-3'><a class=\"ez-toc-link ez-toc-heading-6\" href=\"https:\/\/www.capilclinic.es\/blog\/insomnio-pelo\/#Incrementa_las_horas_de_sueno\" >Incrementa las horas de sue\u00f1o<\/a><\/li><\/ul><\/li><li class='ez-toc-page-1 ez-toc-heading-level-2'><a class=\"ez-toc-link ez-toc-heading-7\" href=\"https:\/\/www.capilclinic.es\/blog\/insomnio-pelo\/#%C2%BFComo_tratar_la_caida_del_cabello_causada_por_insomnio\" >\u00bfC\u00f3mo tratar la ca\u00edda del cabello causada por insomnio?<\/a><\/li><\/ul><\/nav><\/div>\n<p>La ca\u00edda del cabello es un problema que puede darse por diversas razones. Aunque parezca incre\u00edble, el estr\u00e9s y la falta de sue\u00f1o pueden tener una relaci\u00f3n estrecha con esta patolog\u00eda. Todo lo que aqueja a nuestra mente y a las emociones, se ve reflejado en el ciclo de crecimiento del cabello. Por eso, si est\u00e1s experimentando una p\u00e9rdida capilar inexplicable, a continuaci\u00f3n, te contaremos como afecta el insomnio a nuestro pelo. Para ayudarte a descubrir si este es el motivo de tu padecimiento.<\/p>\n<p>Como comportamiento normal, es posible que caigan alrededor de 100 cabellos al d\u00eda. Esto ocurre porque as\u00ed lo dicta el ciclo capilar, para renovar las hebras cada cierto tiempo. Pero, cuando este desprendimiento de pelo es m\u00e1s abundante, puede comenzar a notarse una disminuci\u00f3n de la densidad y el volumen. Lo que se traduce en una afecci\u00f3n capilar conocida como alopecia. Lo principal para encontrar una soluci\u00f3n a este problema, es dar con su origen. As\u00ed, podr\u00e1 establecerse el tratamiento m\u00e1s adecuado para revertir la ca\u00edda del cabello.<\/p>\n<p>Aunque la p\u00e9rdida del pelo es un problema cada vez m\u00e1s habitual en hombres y mujeres por igual, no en todos los casos es sencillo tratarla. Y es que dar con la causa de esta situaci\u00f3n puede ser dif\u00edcil, principalmente cuando se trata de un origen complejo como el insomnio. No dormir lo suficiente, no tener el descanso que el cuerpo necesita y someterlo a intensos d\u00edas donde falta el sue\u00f1o, acaba por pasarle factura a la cabellera. Haciendo que el comportamiento folicular se altere y cause estragos en quien lo sufre. A continuaci\u00f3n, detallamos m\u00e1s sobre este tema.<\/p>\n<h2><span class=\"ez-toc-section\" id=\"%C2%BFQue_es_el_insomnio\"><\/span>\u00bfQu\u00e9 es el insomnio?<span class=\"ez-toc-section-end\"><\/span><\/h2>\n<p>El insomnio es un trastorno del sue\u00f1o, que hace dif\u00edcil quedarse dormido o mantener el sue\u00f1o. Es un problema frecuente, que puede llevar a quien lo sufre a tener dificultad para descansar o a levantarse demasiado temprano, sin la capacidad de volver a dormirse. Esto provoca que, al despertar, aparezca un cansancio excesivo. Disminuye el buen estado de \u00e1nimo, la energ\u00eda, afecta las interacciones sociales, el rendimiento laboral y la salud.<\/p>\n<p>Cada persona requiere una cantidad diferente de sue\u00f1o para alcanzar el descanso. Sin embargo, la mayor\u00eda amerita de 7 a 8 horas de sue\u00f1o por noche.<\/p>\n<p>La falta de sue\u00f1o puede presentarse de dos tipos distintos: como insomnio agudo, que es un padecimiento de corto plazo, que puede mantenerse por algunos d\u00edas o semanas. Su origen se encuentra en el estr\u00e9s u otra eventualidad traum\u00e1tica. Tambi\u00e9n existe el insomnio cr\u00f3nico, que es de largo plazo y puede durar un mes o m\u00e1s tiempo. Puede tratarse exclusivamente de una alteraci\u00f3n en el sue\u00f1o, o ser provocado por otras enfermedades o f\u00e1rmacos.<\/p>\n<h2><span class=\"ez-toc-section\" id=\"%C2%BFComo_afecta_el_insomnio_al_cabello\"><\/span>\u00bfC\u00f3mo afecta el insomnio al cabello?<span class=\"ez-toc-section-end\"><\/span><\/h2>\n<p>El estr\u00e9s nos hace crear una mayor cantidad de hormona cortisol. El descanso ayuda a que esta comience a disminuir, permitiendo que la melatonina aumente. Se trata de una hormona que ofrece grandes beneficios para la restauraci\u00f3n celular.<\/p>\n<p>Cuando aparece el insomnio y dormir se hace cada vez m\u00e1s dif\u00edcil, el nivel de cortisol aumentar\u00e1 de forma desmedida. La falta de sue\u00f1o causa adem\u00e1s una considerable reducci\u00f3n de la hormona melatonina. No descansar lo suficiente nos mantendr\u00e1 en un constante estado de estr\u00e9s, siendo esta emoci\u00f3n, una de las m\u00e1s perjudiciales para la salud del cabello. Al estresarnos, aumenta la posibilidad de desarrollar efluvio tel\u00f3geno, un padecimiento que lleva a la ca\u00edda masiva del pelo.<\/p>\n<p>Tener altos niveles de cortisol en el cuerpo, causar\u00e1 adem\u00e1s que el crecimiento del cabello se altere. Llevando a que los fol\u00edculos pilosos pasen de la fase an\u00e1gena de desarrollo, a estar repentinamente en fase tel\u00f3gena de ca\u00edda. Causando que las hebras se desprendan en poco tiempo.<\/p>\n<p>Una ca\u00edda del cabello abrupta y puntual, se conoce como efluvio tel\u00f3geno agudo. Cuando se atiende este problema, no significa una complicaci\u00f3n para el cuero cabelludo. Pero, al ignorarlo, puede convertirse en efluvio tel\u00f3geno cr\u00f3nico, donde podr\u00edamos estar ante un caso de alopecia. El problema es que la calvicie puede ser temporal de f\u00e1cil soluci\u00f3n. Pero tambi\u00e9n puede manifestarse como permanente, haciendo que se pierda pelo en distintas zonas sin posibilidad natural de recuperarlo.<\/p>\n<h2><span class=\"ez-toc-section\" id=\"%C2%BFSe_puede_combatir_el_insomnio\"><\/span>\u00bfSe puede combatir el insomnio?<span class=\"ez-toc-section-end\"><\/span><\/h2>\n<p><img loading=\"lazy\" decoding=\"async\" class=\"aligncenter size-full wp-image-18607\" src=\"https:\/\/www.capilclinic.es\/blog\/wp-content\/uploads\/2022\/11\/insomnio.jpg\" alt=\"\" width=\"600\" height=\"400\" srcset=\"https:\/\/www.capilclinic.es\/blog\/wp-content\/uploads\/2022\/11\/insomnio.jpg 600w, https:\/\/www.capilclinic.es\/blog\/wp-content\/uploads\/2022\/11\/insomnio-300x200.jpg 300w\" sizes=\"auto, (max-width: 600px) 100vw, 600px\" \/><\/p>\n<p>Si est\u00e1s sufriendo episodios de insomnio que puedan estar afectando el estado de tu pelo, a continuaci\u00f3n, encontrar\u00e1s consejos que podr\u00e1n ayudarte.<\/p>\n<h3><span class=\"ez-toc-section\" id=\"Evita_las_pantallas_antes_de_ir_a_la_cama\"><\/span>Evita las pantallas antes de ir a la cama<span class=\"ez-toc-section-end\"><\/span><\/h3>\n<p>Minutos antes de ir a la cama, no es aconsejable exponernos a la luz azul de las pantallas. Por ello, debemos alejarnos del m\u00f3vil, el ordenador o la Tablet al menos una o dos horas antes de dormir. Las pantallas pueden ser grandes enemigos del sue\u00f1o porque se encargan de alterar el ritmo circadiano. En cambio, se recomienda escoger un libro, que puede ayudar adem\u00e1s a que el sue\u00f1o aparezca con m\u00e1s rapidez.<\/p>\n<h3><span class=\"ez-toc-section\" id=\"Seguir_una_rutina_anti_estres_previo_a_acostarse\"><\/span>Seguir una rutina anti estr\u00e9s previo a acostarse<span class=\"ez-toc-section-end\"><\/span><\/h3>\n<p>Al intentar conciliar el sue\u00f1o, el cortisol puede influir negativamente en ello. Cuando se tienen unos niveles muy altos de esta hormona, resulta m\u00e1s dif\u00edcil dormirse y descansar. Por lo que es muy beneficioso realizar alguna actividad relajante antes de acostarse. Esto ayudar\u00e1 a que los niveles de cortisol disminuyan y aumente la sensaci\u00f3n de bienestar. Se recomienda la meditaci\u00f3n, el mindfulness, ejercicios de respiraci\u00f3n, yoga, entre otros.<\/p>\n<h3><span class=\"ez-toc-section\" id=\"Incrementa_las_horas_de_sueno\"><\/span>Incrementa las horas de sue\u00f1o<span class=\"ez-toc-section-end\"><\/span><\/h3>\n<p>Otra buena recomendaci\u00f3n es ir aumentando paulatinamente el tiempo de descanso. No intentes dormir dos o tres horas m\u00e1s de una vez, porque la realidad es que posiblemente no lo consigas. Esto podr\u00eda llegar a desanimarte y frustrarte. Es preferible ir aumentando de 20 a 30 minutos por d\u00eda, hasta alcanzar el tiempo deseado.<\/p>\n<h2><span class=\"ez-toc-section\" id=\"%C2%BFComo_tratar_la_caida_del_cabello_causada_por_insomnio\"><\/span>\u00bfC\u00f3mo tratar la ca\u00edda del cabello causada por insomnio?<span class=\"ez-toc-section-end\"><\/span><\/h2>\n<p>Para la salud de nuestro cabello, el sue\u00f1o es primordial. El descanso juega un papel muy positivo en el buen estado capilar. Si lo que queremos es prevenir una p\u00e9rdida de cabello causada por insomnio, tenemos que tener en cuenta la influencia que tiene el insomnio en el ciclo capilar.<\/p>\n<p>Si tienes dificultad para conciliar el sue\u00f1o, el consejo que podemos ofrecerte es que visites a un especialista. Quien podr\u00e1 atacar el problema desde su origen. Si adem\u00e1s has comenzado a percibir una p\u00e9rdida de pelo y crees que pueden estar vinculados ambos inconvenientes, no dejes de probar excelentes tratamientos capilares. Como la Bioestimulaci\u00f3n, el PRP capilar o el l\u00e1ser de baja frecuencia.<\/p>\n<p>Te puede interesar: <a title=\"Grados de alopecia\" href=\"https:\/\/www.capilclinic.es\/blog\/grados-de-alopecia\/\">Grados de alopecia<\/a><\/p>\n","protected":false},"excerpt":{"rendered":"<p>La ca\u00edda del cabello es un problema que puede darse por diversas razones. Aunque parezca incre\u00edble, el estr\u00e9s y la falta de sue\u00f1o pueden tener&hellip; <\/p>\n","protected":false},"author":1,"featured_media":18606,"comment_status":"open","ping_status":"open","sticky":false,"template":"","format":"standard","meta":{"footnotes":""},"categories":[25],"tags":[],"class_list":["post-18605","post","type-post","status-publish","format-standard","has-post-thumbnail","hentry","category-noticias"],"yoast_head":"<!-- This site is optimized with the Yoast SEO plugin v28.3 - https:\/\/yoast.com\/product\/yoast-seo-wordpress\/ -->\n<title>\u00bfC\u00f3mo afecta el insomnio a nuestro pelo? - Capilclinic \u2714\ufe0f<\/title>\n<meta name=\"description\" content=\"En \u00e9sta entrada del blog hablaremos de \u00bfC\u00f3mo afecta el insomnio a nuestro pelo? . Capilclinic cl\u00ednica l\u00edder de injerto capilar en Espa\u00f1a y Turqu\u00eda\" \/>\n<meta name=\"robots\" content=\"index, follow, max-snippet:-1, max-image-preview:large, max-video-preview:-1\" \/>\n<link rel=\"canonical\" href=\"https:\/\/www.capilclinic.es\/blog\/insomnio-pelo\/\" \/>\n<meta property=\"og:locale\" content=\"es_ES\" \/>\n<meta property=\"og:type\" content=\"article\" \/>\n<meta property=\"og:title\" content=\"\u00bfC\u00f3mo afecta el insomnio a nuestro pelo? - Capilclinic \u2714\ufe0f\" \/>\n<meta property=\"og:description\" content=\"En \u00e9sta entrada del blog hablaremos de \u00bfC\u00f3mo afecta el insomnio a nuestro pelo? . Capilclinic cl\u00ednica l\u00edder de injerto capilar en Espa\u00f1a y Turqu\u00eda\" \/>\n<meta property=\"og:url\" content=\"https:\/\/www.capilclinic.es\/blog\/insomnio-pelo\/\" \/>\n<meta property=\"og:site_name\" content=\"Capilclinic\" \/>\n<meta property=\"article:published_time\" content=\"2022-12-16T20:31:33+00:00\" \/>\n<meta property=\"og:image\" content=\"https:\/\/www.capilclinic.es\/blog\/wp-content\/uploads\/2022\/11\/caida-del-cabello-por-insomnio.jpg\" \/>\n\t<meta property=\"og:image:width\" content=\"600\" \/>\n\t<meta property=\"og:image:height\" content=\"400\" \/>\n\t<meta property=\"og:image:type\" content=\"image\/jpeg\" \/>\n<meta name=\"author\" content=\"Capilclinic\" \/>\n<meta name=\"twitter:card\" content=\"summary_large_image\" \/>\n<meta name=\"twitter:label1\" content=\"Escrito por\" \/>\n\t<meta name=\"twitter:data1\" content=\"Capilclinic\" \/>\n\t<meta name=\"twitter:label2\" content=\"Tiempo de lectura\" \/>\n\t<meta name=\"twitter:data2\" content=\"6 minutos\" \/>\n<script type=\"application\/ld+json\" class=\"yoast-schema-graph\">{\"@context\":\"https:\\\/\\\/schema.org\",\"@graph\":[{\"@type\":\"Article\",\"@id\":\"https:\\\/\\\/www.capilclinic.es\\\/blog\\\/insomnio-pelo\\\/#article\",\"isPartOf\":{\"@id\":\"https:\\\/\\\/www.capilclinic.es\\\/blog\\\/insomnio-pelo\\\/\"},\"author\":{\"name\":\"Capilclinic\",\"@id\":\"https:\\\/\\\/www.capilclinic.es\\\/blog\\\/#\\\/schema\\\/person\\\/5e4a1211036879a3554b32b35757eff7\"},\"headline\":\"\u00bfC\u00f3mo afecta el insomnio a nuestro pelo?\",\"datePublished\":\"2022-12-16T20:31:33+00:00\",\"mainEntityOfPage\":{\"@id\":\"https:\\\/\\\/www.capilclinic.es\\\/blog\\\/insomnio-pelo\\\/\"},\"wordCount\":1161,\"commentCount\":0,\"publisher\":{\"@id\":\"https:\\\/\\\/www.capilclinic.es\\\/blog\\\/#organization\"},\"image\":{\"@id\":\"https:\\\/\\\/www.capilclinic.es\\\/blog\\\/insomnio-pelo\\\/#primaryimage\"},\"thumbnailUrl\":\"https:\\\/\\\/www.capilclinic.es\\\/blog\\\/wp-content\\\/uploads\\\/2022\\\/11\\\/caida-del-cabello-por-insomnio.jpg\",\"articleSection\":[\"Noticias\"],\"inLanguage\":\"es\",\"potentialAction\":[{\"@type\":\"CommentAction\",\"name\":\"Comment\",\"target\":[\"https:\\\/\\\/www.capilclinic.es\\\/blog\\\/insomnio-pelo\\\/#respond\"]}]},{\"@type\":\"WebPage\",\"@id\":\"https:\\\/\\\/www.capilclinic.es\\\/blog\\\/insomnio-pelo\\\/\",\"url\":\"https:\\\/\\\/www.capilclinic.es\\\/blog\\\/insomnio-pelo\\\/\",\"name\":\"\u00bfC\u00f3mo afecta el insomnio a nuestro pelo? - Capilclinic \u2714\ufe0f\",\"isPartOf\":{\"@id\":\"https:\\\/\\\/www.capilclinic.es\\\/blog\\\/#website\"},\"primaryImageOfPage\":{\"@id\":\"https:\\\/\\\/www.capilclinic.es\\\/blog\\\/insomnio-pelo\\\/#primaryimage\"},\"image\":{\"@id\":\"https:\\\/\\\/www.capilclinic.es\\\/blog\\\/insomnio-pelo\\\/#primaryimage\"},\"thumbnailUrl\":\"https:\\\/\\\/www.capilclinic.es\\\/blog\\\/wp-content\\\/uploads\\\/2022\\\/11\\\/caida-del-cabello-por-insomnio.jpg\",\"datePublished\":\"2022-12-16T20:31:33+00:00\",\"description\":\"En \u00e9sta entrada del blog hablaremos de \u00bfC\u00f3mo afecta el insomnio a nuestro pelo? . Capilclinic cl\u00ednica l\u00edder de injerto capilar en Espa\u00f1a y Turqu\u00eda\",\"breadcrumb\":{\"@id\":\"https:\\\/\\\/www.capilclinic.es\\\/blog\\\/insomnio-pelo\\\/#breadcrumb\"},\"inLanguage\":\"es\",\"potentialAction\":[{\"@type\":\"ReadAction\",\"target\":[\"https:\\\/\\\/www.capilclinic.es\\\/blog\\\/insomnio-pelo\\\/\"]}]},{\"@type\":\"ImageObject\",\"inLanguage\":\"es\",\"@id\":\"https:\\\/\\\/www.capilclinic.es\\\/blog\\\/insomnio-pelo\\\/#primaryimage\",\"url\":\"https:\\\/\\\/www.capilclinic.es\\\/blog\\\/wp-content\\\/uploads\\\/2022\\\/11\\\/caida-del-cabello-por-insomnio.jpg\",\"contentUrl\":\"https:\\\/\\\/www.capilclinic.es\\\/blog\\\/wp-content\\\/uploads\\\/2022\\\/11\\\/caida-del-cabello-por-insomnio.jpg\",\"width\":600,\"height\":400,\"caption\":\"ca\u00edda del cabello por insomnio\"},{\"@type\":\"BreadcrumbList\",\"@id\":\"https:\\\/\\\/www.capilclinic.es\\\/blog\\\/insomnio-pelo\\\/#breadcrumb\",\"itemListElement\":[{\"@type\":\"ListItem\",\"position\":1,\"name\":\"Portada\",\"item\":\"https:\\\/\\\/www.capilclinic.es\\\/blog\\\/\"},{\"@type\":\"ListItem\",\"position\":2,\"name\":\"\u00bfC\u00f3mo afecta el insomnio a nuestro pelo?\"}]},{\"@type\":\"WebSite\",\"@id\":\"https:\\\/\\\/www.capilclinic.es\\\/blog\\\/#website\",\"url\":\"https:\\\/\\\/www.capilclinic.es\\\/blog\\\/\",\"name\":\"Capilclinic\",\"description\":\"Blog del Mundo Capilar\",\"publisher\":{\"@id\":\"https:\\\/\\\/www.capilclinic.es\\\/blog\\\/#organization\"},\"potentialAction\":[{\"@type\":\"SearchAction\",\"target\":{\"@type\":\"EntryPoint\",\"urlTemplate\":\"https:\\\/\\\/www.capilclinic.es\\\/blog\\\/?s={search_term_string}\"},\"query-input\":{\"@type\":\"PropertyValueSpecification\",\"valueRequired\":true,\"valueName\":\"search_term_string\"}}],\"inLanguage\":\"es\"},{\"@type\":\"Organization\",\"@id\":\"https:\\\/\\\/www.capilclinic.es\\\/blog\\\/#organization\",\"name\":\"Capilclinic\",\"url\":\"https:\\\/\\\/www.capilclinic.es\\\/blog\\\/\",\"logo\":{\"@type\":\"ImageObject\",\"inLanguage\":\"es\",\"@id\":\"https:\\\/\\\/www.capilclinic.es\\\/blog\\\/#\\\/schema\\\/logo\\\/image\\\/\",\"url\":\"https:\\\/\\\/www.capilclinic.es\\\/blog\\\/wp-content\\\/uploads\\\/2022\\\/06\\\/cropped-Logo-Capil-Clinic-colorizado-300x44-1.png\",\"contentUrl\":\"https:\\\/\\\/www.capilclinic.es\\\/blog\\\/wp-content\\\/uploads\\\/2022\\\/06\\\/cropped-Logo-Capil-Clinic-colorizado-300x44-1.png\",\"width\":300,\"height\":44,\"caption\":\"Capilclinic\"},\"image\":{\"@id\":\"https:\\\/\\\/www.capilclinic.es\\\/blog\\\/#\\\/schema\\\/logo\\\/image\\\/\"}},{\"@type\":\"Person\",\"@id\":\"https:\\\/\\\/www.capilclinic.es\\\/blog\\\/#\\\/schema\\\/person\\\/5e4a1211036879a3554b32b35757eff7\",\"name\":\"Capilclinic\",\"image\":{\"@type\":\"ImageObject\",\"inLanguage\":\"es\",\"@id\":\"https:\\\/\\\/secure.gravatar.com\\\/avatar\\\/4fc5776d2e8f1375c50008b9868b6a6d05418936cdd0d8a847670fe38f125806?s=96&d=mm&r=g\",\"url\":\"https:\\\/\\\/secure.gravatar.com\\\/avatar\\\/4fc5776d2e8f1375c50008b9868b6a6d05418936cdd0d8a847670fe38f125806?s=96&d=mm&r=g\",\"contentUrl\":\"https:\\\/\\\/secure.gravatar.com\\\/avatar\\\/4fc5776d2e8f1375c50008b9868b6a6d05418936cdd0d8a847670fe38f125806?s=96&d=mm&r=g\",\"caption\":\"Capilclinic\"},\"sameAs\":[\"https:\\\/\\\/www.capilclinic.es\\\/\"]}]}<\/script>\n<!-- \/ Yoast SEO plugin. -->","yoast_head_json":{"title":"\u00bfC\u00f3mo afecta el insomnio a nuestro pelo? - Capilclinic \u2714\ufe0f","description":"En \u00e9sta entrada del blog hablaremos de \u00bfC\u00f3mo afecta el insomnio a nuestro pelo? . Capilclinic cl\u00ednica l\u00edder de injerto capilar en Espa\u00f1a y Turqu\u00eda","robots":{"index":"index","follow":"follow","max-snippet":"max-snippet:-1","max-image-preview":"max-image-preview:large","max-video-preview":"max-video-preview:-1"},"canonical":"https:\/\/www.capilclinic.es\/blog\/insomnio-pelo\/","og_locale":"es_ES","og_type":"article","og_title":"\u00bfC\u00f3mo afecta el insomnio a nuestro pelo? - Capilclinic \u2714\ufe0f","og_description":"En \u00e9sta entrada del blog hablaremos de \u00bfC\u00f3mo afecta el insomnio a nuestro pelo? . Capilclinic cl\u00ednica l\u00edder de injerto capilar en Espa\u00f1a y Turqu\u00eda","og_url":"https:\/\/www.capilclinic.es\/blog\/insomnio-pelo\/","og_site_name":"Capilclinic","article_published_time":"2022-12-16T20:31:33+00:00","og_image":[{"width":600,"height":400,"url":"https:\/\/www.capilclinic.es\/blog\/wp-content\/uploads\/2022\/11\/caida-del-cabello-por-insomnio.jpg","type":"image\/jpeg"}],"author":"Capilclinic","twitter_card":"summary_large_image","twitter_misc":{"Escrito por":"Capilclinic","Tiempo de lectura":"6 minutos"},"schema":{"@context":"https:\/\/schema.org","@graph":[{"@type":"Article","@id":"https:\/\/www.capilclinic.es\/blog\/insomnio-pelo\/#article","isPartOf":{"@id":"https:\/\/www.capilclinic.es\/blog\/insomnio-pelo\/"},"author":{"name":"Capilclinic","@id":"https:\/\/www.capilclinic.es\/blog\/#\/schema\/person\/5e4a1211036879a3554b32b35757eff7"},"headline":"\u00bfC\u00f3mo afecta el insomnio a nuestro pelo?","datePublished":"2022-12-16T20:31:33+00:00","mainEntityOfPage":{"@id":"https:\/\/www.capilclinic.es\/blog\/insomnio-pelo\/"},"wordCount":1161,"commentCount":0,"publisher":{"@id":"https:\/\/www.capilclinic.es\/blog\/#organization"},"image":{"@id":"https:\/\/www.capilclinic.es\/blog\/insomnio-pelo\/#primaryimage"},"thumbnailUrl":"https:\/\/www.capilclinic.es\/blog\/wp-content\/uploads\/2022\/11\/caida-del-cabello-por-insomnio.jpg","articleSection":["Noticias"],"inLanguage":"es","potentialAction":[{"@type":"CommentAction","name":"Comment","target":["https:\/\/www.capilclinic.es\/blog\/insomnio-pelo\/#respond"]}]},{"@type":"WebPage","@id":"https:\/\/www.capilclinic.es\/blog\/insomnio-pelo\/","url":"https:\/\/www.capilclinic.es\/blog\/insomnio-pelo\/","name":"\u00bfC\u00f3mo afecta el insomnio a nuestro pelo? - Capilclinic \u2714\ufe0f","isPartOf":{"@id":"https:\/\/www.capilclinic.es\/blog\/#website"},"primaryImageOfPage":{"@id":"https:\/\/www.capilclinic.es\/blog\/insomnio-pelo\/#primaryimage"},"image":{"@id":"https:\/\/www.capilclinic.es\/blog\/insomnio-pelo\/#primaryimage"},"thumbnailUrl":"https:\/\/www.capilclinic.es\/blog\/wp-content\/uploads\/2022\/11\/caida-del-cabello-por-insomnio.jpg","datePublished":"2022-12-16T20:31:33+00:00","description":"En \u00e9sta entrada del blog hablaremos de \u00bfC\u00f3mo afecta el insomnio a nuestro pelo? . Capilclinic cl\u00ednica l\u00edder de injerto capilar en Espa\u00f1a y Turqu\u00eda","breadcrumb":{"@id":"https:\/\/www.capilclinic.es\/blog\/insomnio-pelo\/#breadcrumb"},"inLanguage":"es","potentialAction":[{"@type":"ReadAction","target":["https:\/\/www.capilclinic.es\/blog\/insomnio-pelo\/"]}]},{"@type":"ImageObject","inLanguage":"es","@id":"https:\/\/www.capilclinic.es\/blog\/insomnio-pelo\/#primaryimage","url":"https:\/\/www.capilclinic.es\/blog\/wp-content\/uploads\/2022\/11\/caida-del-cabello-por-insomnio.jpg","contentUrl":"https:\/\/www.capilclinic.es\/blog\/wp-content\/uploads\/2022\/11\/caida-del-cabello-por-insomnio.jpg","width":600,"height":400,"caption":"ca\u00edda del cabello por insomnio"},{"@type":"BreadcrumbList","@id":"https:\/\/www.capilclinic.es\/blog\/insomnio-pelo\/#breadcrumb","itemListElement":[{"@type":"ListItem","position":1,"name":"Portada","item":"https:\/\/www.capilclinic.es\/blog\/"},{"@type":"ListItem","position":2,"name":"\u00bfC\u00f3mo afecta el insomnio a nuestro pelo?"}]},{"@type":"WebSite","@id":"https:\/\/www.capilclinic.es\/blog\/#website","url":"https:\/\/www.capilclinic.es\/blog\/","name":"Capilclinic","description":"Blog del Mundo Capilar","publisher":{"@id":"https:\/\/www.capilclinic.es\/blog\/#organization"},"potentialAction":[{"@type":"SearchAction","target":{"@type":"EntryPoint","urlTemplate":"https:\/\/www.capilclinic.es\/blog\/?s={search_term_string}"},"query-input":{"@type":"PropertyValueSpecification","valueRequired":true,"valueName":"search_term_string"}}],"inLanguage":"es"},{"@type":"Organization","@id":"https:\/\/www.capilclinic.es\/blog\/#organization","name":"Capilclinic","url":"https:\/\/www.capilclinic.es\/blog\/","logo":{"@type":"ImageObject","inLanguage":"es","@id":"https:\/\/www.capilclinic.es\/blog\/#\/schema\/logo\/image\/","url":"https:\/\/www.capilclinic.es\/blog\/wp-content\/uploads\/2022\/06\/cropped-Logo-Capil-Clinic-colorizado-300x44-1.png","contentUrl":"https:\/\/www.capilclinic.es\/blog\/wp-content\/uploads\/2022\/06\/cropped-Logo-Capil-Clinic-colorizado-300x44-1.png","width":300,"height":44,"caption":"Capilclinic"},"image":{"@id":"https:\/\/www.capilclinic.es\/blog\/#\/schema\/logo\/image\/"}},{"@type":"Person","@id":"https:\/\/www.capilclinic.es\/blog\/#\/schema\/person\/5e4a1211036879a3554b32b35757eff7","name":"Capilclinic","image":{"@type":"ImageObject","inLanguage":"es","@id":"https:\/\/secure.gravatar.com\/avatar\/4fc5776d2e8f1375c50008b9868b6a6d05418936cdd0d8a847670fe38f125806?s=96&d=mm&r=g","url":"https:\/\/secure.gravatar.com\/avatar\/4fc5776d2e8f1375c50008b9868b6a6d05418936cdd0d8a847670fe38f125806?s=96&d=mm&r=g","contentUrl":"https:\/\/secure.gravatar.com\/avatar\/4fc5776d2e8f1375c50008b9868b6a6d05418936cdd0d8a847670fe38f125806?s=96&d=mm&r=g","caption":"Capilclinic"},"sameAs":["https:\/\/www.capilclinic.es\/"]}]}},"_links":{"self":[{"href":"https:\/\/www.capilclinic.es\/blog\/wp-json\/wp\/v2\/posts\/18605","targetHints":{"allow":["GET"]}}],"collection":[{"href":"https:\/\/www.capilclinic.es\/blog\/wp-json\/wp\/v2\/posts"}],"about":[{"href":"https:\/\/www.capilclinic.es\/blog\/wp-json\/wp\/v2\/types\/post"}],"author":[{"embeddable":true,"href":"https:\/\/www.capilclinic.es\/blog\/wp-json\/wp\/v2\/users\/1"}],"replies":[{"embeddable":true,"href":"https:\/\/www.capilclinic.es\/blog\/wp-json\/wp\/v2\/comments?post=18605"}],"version-history":[{"count":1,"href":"https:\/\/www.capilclinic.es\/blog\/wp-json\/wp\/v2\/posts\/18605\/revisions"}],"predecessor-version":[{"id":18608,"href":"https:\/\/www.capilclinic.es\/blog\/wp-json\/wp\/v2\/posts\/18605\/revisions\/18608"}],"wp:featuredmedia":[{"embeddable":true,"href":"https:\/\/www.capilclinic.es\/blog\/wp-json\/wp\/v2\/media\/18606"}],"wp:attachment":[{"href":"https:\/\/www.capilclinic.es\/blog\/wp-json\/wp\/v2\/media?parent=18605"}],"wp:term":[{"taxonomy":"category","embeddable":true,"href":"https:\/\/www.capilclinic.es\/blog\/wp-json\/wp\/v2\/categories?post=18605"},{"taxonomy":"post_tag","embeddable":true,"href":"https:\/\/www.capilclinic.es\/blog\/wp-json\/wp\/v2\/tags?post=18605"}],"curies":[{"name":"wp","href":"https:\/\/api.w.org\/{rel}","templated":true}]}}