{"id":18707,"date":"2023-02-16T13:38:35","date_gmt":"2023-02-16T13:38:35","guid":{"rendered":"https:\/\/www.capilclinic.es\/blog\/?p=18707"},"modified":"2022-12-29T23:04:06","modified_gmt":"2022-12-29T23:04:06","slug":"aclarar-pelo","status":"publish","type":"post","link":"https:\/\/www.capilclinic.es\/blog\/aclarar-pelo\/","title":{"rendered":"\u00bfC\u00f3mo aclarar el pelo de forma natural?"},"content":{"rendered":"<div id=\"ez-toc-container\" class=\"ez-toc-v2_0_87 ez-toc-wrap-center counter-hierarchy ez-toc-counter ez-toc-grey ez-toc-container-direction\">\n<p class=\"ez-toc-title\" style=\"cursor:inherit\">Contenidos<\/p>\n<label for=\"ez-toc-cssicon-toggle-item-6a957e6ff1bbd\" class=\"ez-toc-cssicon-toggle-label\"><span class=\"ez-toc-cssicon\"><span class=\"eztoc-hide\" style=\"display:none;\">Toggle<\/span><span class=\"ez-toc-icon-toggle-span\"><svg style=\"fill: #999;color:#999\" xmlns=\"http:\/\/www.w3.org\/2000\/svg\" class=\"list-377408\" width=\"20px\" height=\"20px\" viewBox=\"0 0 24 24\" fill=\"none\"><path d=\"M6 6H4v2h2V6zm14 0H8v2h12V6zM4 11h2v2H4v-2zm16 0H8v2h12v-2zM4 16h2v2H4v-2zm16 0H8v2h12v-2z\" fill=\"currentColor\"><\/path><\/svg><svg style=\"fill: #999;color:#999\" class=\"arrow-unsorted-368013\" xmlns=\"http:\/\/www.w3.org\/2000\/svg\" width=\"10px\" height=\"10px\" viewBox=\"0 0 24 24\" version=\"1.2\" baseProfile=\"tiny\"><path d=\"M18.2 9.3l-6.2-6.3-6.2 6.3c-.2.2-.3.4-.3.7s.1.5.3.7c.2.2.4.3.7.3h11c.3 0 .5-.1.7-.3.2-.2.3-.5.3-.7s-.1-.5-.3-.7zM5.8 14.7l6.2 6.3 6.2-6.3c.2-.2.3-.5.3-.7s-.1-.5-.3-.7c-.2-.2-.4-.3-.7-.3h-11c-.3 0-.5.1-.7.3-.2.2-.3.5-.3.7s.1.5.3.7z\"\/><\/svg><\/span><\/span><\/label><input type=\"checkbox\"  id=\"ez-toc-cssicon-toggle-item-6a957e6ff1bbd\"  aria-label=\"Alternar\" \/><nav><ul class='ez-toc-list ez-toc-list-level-1 ' ><li class='ez-toc-page-1 ez-toc-heading-level-2'><a class=\"ez-toc-link ez-toc-heading-1\" href=\"https:\/\/www.capilclinic.es\/blog\/aclarar-pelo\/#%C2%BFComo_obtiene_nuestro_pelo_su_color\" >\u00bfC\u00f3mo obtiene nuestro pelo su color?<\/a><\/li><li class='ez-toc-page-1 ez-toc-heading-level-2'><a class=\"ez-toc-link ez-toc-heading-2\" href=\"https:\/\/www.capilclinic.es\/blog\/aclarar-pelo\/#Ventajas_de_tener_el_pelo_claro\" >Ventajas de tener el pelo claro<\/a><\/li><li class='ez-toc-page-1 ez-toc-heading-level-2'><a class=\"ez-toc-link ez-toc-heading-3\" href=\"https:\/\/www.capilclinic.es\/blog\/aclarar-pelo\/#%C2%BFComo_puedo_aclarar_el_pelo_de_forma_natural\" >\u00bfC\u00f3mo puedo aclarar el pelo de forma natural?<\/a><ul class='ez-toc-list-level-3' ><li class='ez-toc-heading-level-3'><a class=\"ez-toc-link ez-toc-heading-4\" href=\"https:\/\/www.capilclinic.es\/blog\/aclarar-pelo\/#Limon\" >Lim\u00f3n<\/a><\/li><li class='ez-toc-page-1 ez-toc-heading-level-3'><a class=\"ez-toc-link ez-toc-heading-5\" href=\"https:\/\/www.capilclinic.es\/blog\/aclarar-pelo\/#Manzanilla\" >Manzanilla<\/a><\/li><li class='ez-toc-page-1 ez-toc-heading-level-3'><a class=\"ez-toc-link ez-toc-heading-6\" href=\"https:\/\/www.capilclinic.es\/blog\/aclarar-pelo\/#Huevo_y_cerveza\" >Huevo y cerveza<\/a><\/li><li class='ez-toc-page-1 ez-toc-heading-level-3'><a class=\"ez-toc-link ez-toc-heading-7\" href=\"https:\/\/www.capilclinic.es\/blog\/aclarar-pelo\/#Miel\" >Miel<\/a><\/li><li class='ez-toc-page-1 ez-toc-heading-level-3'><a class=\"ez-toc-link ez-toc-heading-8\" href=\"https:\/\/www.capilclinic.es\/blog\/aclarar-pelo\/#Canela\" >Canela<\/a><\/li><li class='ez-toc-page-1 ez-toc-heading-level-3'><a class=\"ez-toc-link ez-toc-heading-9\" href=\"https:\/\/www.capilclinic.es\/blog\/aclarar-pelo\/#Vinagre\" >Vinagre<\/a><\/li><\/ul><\/li><li class='ez-toc-page-1 ez-toc-heading-level-2'><a class=\"ez-toc-link ez-toc-heading-10\" href=\"https:\/\/www.capilclinic.es\/blog\/aclarar-pelo\/#Mascarilla_para_aclarar_el_pelo\" >Mascarilla para aclarar el pelo<\/a><\/li><li class='ez-toc-page-1 ez-toc-heading-level-2'><a class=\"ez-toc-link ez-toc-heading-11\" href=\"https:\/\/www.capilclinic.es\/blog\/aclarar-pelo\/#Como_aclarar_el_pelo_tenido_naturalmente\" >C\u00f3mo aclarar el pelo te\u00f1ido naturalmente<\/a><\/li><\/ul><\/nav><\/div>\n<p>Hombres y mujeres, sienten la necesidad cada tanto de someterse a un cambio en su imagen. Para conseguir una apariencia realmente diferente, la mejor opci\u00f3n es modificar el <strong>color del pelo. <\/strong>Con una nueva tonalidad en el <strong>cabello, <\/strong>podemos sentirnos como otra persona. Y esto viene muy bien cuando de cerrar ciclos hablamos. Pero sabemos que la cabellera puede verse muy afectada por la aplicaci\u00f3n de tintes. Entonces, es posible que te est\u00e9s preguntando <strong>\u00bfc\u00f3mo aclarar el pelo de forma natural?<\/strong><\/p>\n<p>Si quieres <strong>aclarar el pelo <\/strong>de manera casera y sin utilizar productos qu\u00edmicos, son muchos los ingredientes que puedes utilizar. La canela, la cerveza y la manzanilla, son ampliamente conocidos como elementos capaces de modificar el tono de las hebras. Pero en este art\u00edculo, nos hemos dado la tarea de recopilar todos los m\u00e9todos existentes para tener el <strong>cabello claro. <\/strong>Sigue leyendo este art\u00edculo y descubre c\u00f3mo la melena obtiene su tonalidad y cu\u00e1les son las opciones para modificarla.<\/p>\n<p>Te puede interesar: <a title=\"\u00bfEl sol da\u00f1a el cabello?\" href=\"https:\/\/www.capilclinic.es\/blog\/sol-dana-cabello\/\">\u00bfEl sol da\u00f1a el cabello?<\/a><\/p>\n<h2><span class=\"ez-toc-section\" id=\"%C2%BFComo_obtiene_nuestro_pelo_su_color\"><\/span>\u00bfC\u00f3mo obtiene nuestro pelo su color?<span class=\"ez-toc-section-end\"><\/span><\/h2>\n<p>La melanina es una sustancia natural producida por nuestro organismo y es la responsable de determinar el color de nuestro cabello. Adem\u00e1s, tambi\u00e9n se encarga de dar color a la piel y los ojos. Esta sustancia sirve como un protector solar para nuestro cuerpo. Los melanocitos producen la melanina y para dar color a la cabellera, combina la eumelanina y la feomelanina. Cada uno en distinto porcentaje, establecer\u00e1 el tono que se tendr\u00e1.<\/p>\n<p>Estos dos pigmentos naturales son los \u00fanicos existentes y gracias a ellos existen distintos colores de cabello. La eumelanina es una tonalidad oscura y la feomelanina es un pigmento rojizo. Cuando se combinan, seg\u00fan sus proporciones, da como resultado cada color de pelo que conocemos. Cuando se posee una alta concentraci\u00f3n de eumelanina, el cabello es oscuro. Mientras que una concentraci\u00f3n mayor de feomelanina, nos produce un tono claro.<\/p>\n<h2><span class=\"ez-toc-section\" id=\"Ventajas_de_tener_el_pelo_claro\"><\/span>Ventajas de tener el pelo claro<span class=\"ez-toc-section-end\"><\/span><\/h2>\n<p><img loading=\"lazy\" decoding=\"async\" class=\"aligncenter size-full wp-image-18690\" src=\"https:\/\/www.capilclinic.es\/blog\/wp-content\/uploads\/2022\/12\/aclarar-el-pelo.jpg\" alt=\"\" width=\"600\" height=\"400\" srcset=\"https:\/\/www.capilclinic.es\/blog\/wp-content\/uploads\/2022\/12\/aclarar-el-pelo.jpg 600w, https:\/\/www.capilclinic.es\/blog\/wp-content\/uploads\/2022\/12\/aclarar-el-pelo-300x200.jpg 300w\" sizes=\"auto, (max-width: 600px) 100vw, 600px\" \/><\/p>\n<p>Las ventajas de tener el pelo claro son diversas. Estas son:<\/p>\n<ul>\n<li><strong>Encubre las canas: <\/strong>cuando se tiene una cabellera de tono rubio muy claro, ayudar\u00e1 a que no sea necesario cubrir las canas con tinte constantemente. Este color de cabello consigue disimular los pelos blancos, para que el contraste no sea muy evidente.<\/li>\n<li><strong>Brinda luminosidad a la cara:<\/strong> tanto las personas de piel clara como las de piel oscura, pueden beneficiarse de un cabello claro. Los reflejos dorados son perfectos para aportar luminosidad y frescura al rostro.<\/li>\n<li><strong>Suaviza las facciones: <\/strong>quienes poseen rasgos muy marcados, pueden aprovechar muy bien las ventajas del pelo claro. Una melena rubia puede suavizar las facciones. Es ideal para individuos de cara redonda, porque le aporta delicadeza y ternura a esta forma facial.<\/li>\n<li><strong>Ayuda a rejuvenecer: <\/strong>con 1 o 2 tonos que se consiga aclarar el pelo, se obtiene una apariencia bastante m\u00e1s joven. Ya que, en combinaci\u00f3n con el punto anterior, las l\u00edneas de expresi\u00f3n son menos marcadas por el pelo claro.<\/li>\n<\/ul>\n<h2><span class=\"ez-toc-section\" id=\"%C2%BFComo_puedo_aclarar_el_pelo_de_forma_natural\"><\/span>\u00bfC\u00f3mo puedo aclarar el pelo de forma natural?<span class=\"ez-toc-section-end\"><\/span><\/h2>\n<p>Son diversos los ingredientes que pueden ayudarte con este prop\u00f3sito:<\/p>\n<h3><span class=\"ez-toc-section\" id=\"Limon\"><\/span>Lim\u00f3n<span class=\"ez-toc-section-end\"><\/span><\/h3>\n<p>Para aclarar cualquier parte del cuerpo, uno de los productos naturales m\u00e1s efectivos y que puede ayudarte a aclarar el <a href=\"https:\/\/es.wikipedia.org\/wiki\/Pelo\">pelo<\/a>, es el lim\u00f3n. Esta fruta es ampliamente utilizada en las cocinas, pero tambi\u00e9n en tratamientos est\u00e9ticos. Aplica ba\u00f1os de lim\u00f3n en tu cabellera y conseguir\u00e1s reflejos muy hermosos y brillantes.<\/p>\n<h3><span class=\"ez-toc-section\" id=\"Manzanilla\"><\/span>Manzanilla<span class=\"ez-toc-section-end\"><\/span><\/h3>\n<p>Es popularmente conocido, que la manzanilla es un ingrediente natural muy efectivo a la hora de aclarar el pelo. De todos los aqu\u00ed mencionados, el uso de manzanilla es de los m\u00e1s seguros. Puesto que las hebras, no llegan a maltratarse de ninguna manera con su aplicaci\u00f3n. Su efecto es muy positivo en el cabello, y por eso, es un compuesto agregado a muchos cosm\u00e9ticos capilares. Act\u00faa mucho mejor, cuando la melena es rubia o casta\u00f1a, porque al pelo oscuro puede hacerlo naranja.<\/p>\n<h3><span class=\"ez-toc-section\" id=\"Huevo_y_cerveza\"><\/span>Huevo y cerveza<span class=\"ez-toc-section-end\"><\/span><\/h3>\n<p>Ahora que hemos descrito al lim\u00f3n y la manzanilla para aclarar el pelo, porque son los m\u00e1s conocidos, llega el turno de otros trucos menos populares. El huevo y la cerveza, son una excelente combinaci\u00f3n que puede aclarar algunos tonos del cabello, sin da\u00f1arlo.<\/p>\n<p>Para conseguirlo, se mezcla un poco de cerveza sin alcohol con un huevo. Posteriormente, se aplica en la totalidad de la cabellera, dejando actuar por 20 minutos. A continuaci\u00f3n, se procede a aclarar, lavando el pelo como de costumbre. Este truco aportar\u00e1 unos reflejos muy atractivos.<\/p>\n<p>El huevo y la cerveza permite aclarar el cabello y adem\u00e1s, brindarle luminosidad e hidrataci\u00f3n.<\/p>\n<h3><span class=\"ez-toc-section\" id=\"Miel\"><\/span>Miel<span class=\"ez-toc-section-end\"><\/span><\/h3>\n<p>Las propiedades de la miel parecen infinitas y, como es de esperarse, resulta muy ventajosa para el cabello. La miel suaviza la textura del pelo y lo vuelve m\u00e1s brillante. Para aclarar el cabello tambi\u00e9n puede ser \u00fatil. Al mezclarse con caf\u00e9 y canela, puede dar como resultado un tono rojizo. Al utilizarse sola, crear\u00e1 reflejos muy hermosos. Es, al igual que la manzanilla, m\u00e1s efectivas en cabelleras rubias o casta\u00f1as.<\/p>\n<h3><span class=\"ez-toc-section\" id=\"Canela\"><\/span>Canela<span class=\"ez-toc-section-end\"><\/span><\/h3>\n<p>Si deseas obtener un tono claro natural, no dudes en hacer uso de la canela. Este ingrediente no ser\u00e1 capaz de decolorar totalmente la melena. Sin embargo, ofrece una tonalidad m\u00e1s clara cuando se aplica en cabellos casta\u00f1os.<\/p>\n<h3><span class=\"ez-toc-section\" id=\"Vinagre\"><\/span>Vinagre<span class=\"ez-toc-section-end\"><\/span><\/h3>\n<p>Puede utilizarse vinagre blanco o vinagre de manzana de forma indistinta para aclarar el pelo. Pero es importante saber que, el vinagre de manzana puede aclarar la melena mucho m\u00e1s. Cuenta adem\u00e1s con muchas propiedades que al cabello le resultan beneficiosas. Es capaz de aclararlo, limpia profundamente el cuero cabelludo, ayuda al crecimiento capilar, combate la caspa y puede sellar la cut\u00edcula.<\/p>\n<h2><span class=\"ez-toc-section\" id=\"Mascarilla_para_aclarar_el_pelo\"><\/span>Mascarilla para aclarar el pelo<span class=\"ez-toc-section-end\"><\/span><\/h2>\n<p>Incorpora en tu mascarilla habitual, zumo de lim\u00f3n e infusi\u00f3n de manzanilla. Luego de haber lavado el cabello, aplica la mezcla y d\u00e9jala actuar durante al menos, 10 minutos. Retira con abundante agua tibia y comenzar\u00e1s a percibir el cambio.<\/p>\n<p>No solo podr\u00e1s aclarar tu cabello de manera natural. Con esta combinaci\u00f3n, podr\u00e1s nutrir e hidratar las hebras, gracias a la mascarilla.<\/p>\n<h2><span class=\"ez-toc-section\" id=\"Como_aclarar_el_pelo_tenido_naturalmente\"><\/span>C\u00f3mo aclarar el pelo te\u00f1ido naturalmente<span class=\"ez-toc-section-end\"><\/span><\/h2>\n<p>Si has te\u00f1ido tu cabello, pero deseas tenerlo claro, hacerlo de forma casera puede no ser la mejor opci\u00f3n. Para obtener los mejores resultados en estos casos, sin da\u00f1ar tu melena, es importante acudir a un experto. Pero, si esto no es posible, puedes hacer uso de vinagre, manzanilla o exponerte al agua de mar. Estas opciones crear\u00e1n unos bonitos reflejos en tu cabello.<\/p>\n<p>&nbsp;<\/p>\n","protected":false},"excerpt":{"rendered":"<p>Hombres y mujeres, sienten la necesidad cada tanto de someterse a un cambio en su imagen. Para conseguir una apariencia realmente diferente, la mejor opci\u00f3n&hellip; <\/p>\n","protected":false},"author":1,"featured_media":18689,"comment_status":"open","ping_status":"open","sticky":false,"template":"","format":"standard","meta":{"footnotes":""},"categories":[25],"tags":[],"class_list":["post-18707","post","type-post","status-publish","format-standard","has-post-thumbnail","hentry","category-noticias"],"yoast_head":"<!-- This site is optimized with the Yoast SEO plugin v28.3 - https:\/\/yoast.com\/product\/yoast-seo-wordpress\/ -->\n<title>\u00bfC\u00f3mo aclarar el pelo de forma natural? - Capilclinic \u2714\ufe0f<\/title>\n<meta name=\"description\" content=\"En \u00e9sta entrada del blog hablaremos de \u00bfC\u00f3mo aclarar el pelo de forma natural? . Capilclinic cl\u00ednica l\u00edder de injerto capilar en Espa\u00f1a y Turqu\u00eda\" \/>\n<meta name=\"robots\" content=\"index, follow, max-snippet:-1, max-image-preview:large, max-video-preview:-1\" \/>\n<link rel=\"canonical\" href=\"https:\/\/www.capilclinic.es\/blog\/aclarar-pelo\/\" \/>\n<meta property=\"og:locale\" content=\"es_ES\" \/>\n<meta property=\"og:type\" content=\"article\" \/>\n<meta property=\"og:title\" content=\"\u00bfC\u00f3mo aclarar el pelo de forma natural? - Capilclinic \u2714\ufe0f\" \/>\n<meta property=\"og:description\" content=\"En \u00e9sta entrada del blog hablaremos de \u00bfC\u00f3mo aclarar el pelo de forma natural? . Capilclinic cl\u00ednica l\u00edder de injerto capilar en Espa\u00f1a y Turqu\u00eda\" \/>\n<meta property=\"og:url\" content=\"https:\/\/www.capilclinic.es\/blog\/aclarar-pelo\/\" \/>\n<meta property=\"og:site_name\" content=\"Capilclinic\" \/>\n<meta property=\"article:published_time\" content=\"2023-02-16T13:38:35+00:00\" \/>\n<meta property=\"og:image\" content=\"https:\/\/www.capilclinic.es\/blog\/wp-content\/uploads\/2022\/12\/aclarar-el-pelo-de-manera-natural.jpg\" \/>\n\t<meta property=\"og:image:width\" content=\"600\" \/>\n\t<meta property=\"og:image:height\" content=\"400\" \/>\n\t<meta property=\"og:image:type\" content=\"image\/jpeg\" \/>\n<meta name=\"author\" content=\"Capilclinic\" \/>\n<meta name=\"twitter:card\" content=\"summary_large_image\" \/>\n<meta name=\"twitter:label1\" content=\"Escrito por\" \/>\n\t<meta name=\"twitter:data1\" content=\"Capilclinic\" \/>\n\t<meta name=\"twitter:label2\" content=\"Tiempo de lectura\" \/>\n\t<meta name=\"twitter:data2\" content=\"6 minutos\" \/>\n<script type=\"application\/ld+json\" class=\"yoast-schema-graph\">{\"@context\":\"https:\\\/\\\/schema.org\",\"@graph\":[{\"@type\":\"Article\",\"@id\":\"https:\\\/\\\/www.capilclinic.es\\\/blog\\\/aclarar-pelo\\\/#article\",\"isPartOf\":{\"@id\":\"https:\\\/\\\/www.capilclinic.es\\\/blog\\\/aclarar-pelo\\\/\"},\"author\":{\"name\":\"Capilclinic\",\"@id\":\"https:\\\/\\\/www.capilclinic.es\\\/blog\\\/#\\\/schema\\\/person\\\/5e4a1211036879a3554b32b35757eff7\"},\"headline\":\"\u00bfC\u00f3mo aclarar el pelo de forma natural?\",\"datePublished\":\"2023-02-16T13:38:35+00:00\",\"mainEntityOfPage\":{\"@id\":\"https:\\\/\\\/www.capilclinic.es\\\/blog\\\/aclarar-pelo\\\/\"},\"wordCount\":1133,\"commentCount\":0,\"publisher\":{\"@id\":\"https:\\\/\\\/www.capilclinic.es\\\/blog\\\/#organization\"},\"image\":{\"@id\":\"https:\\\/\\\/www.capilclinic.es\\\/blog\\\/aclarar-pelo\\\/#primaryimage\"},\"thumbnailUrl\":\"https:\\\/\\\/www.capilclinic.es\\\/blog\\\/wp-content\\\/uploads\\\/2022\\\/12\\\/aclarar-el-pelo-de-manera-natural.jpg\",\"articleSection\":[\"Noticias\"],\"inLanguage\":\"es\",\"potentialAction\":[{\"@type\":\"CommentAction\",\"name\":\"Comment\",\"target\":[\"https:\\\/\\\/www.capilclinic.es\\\/blog\\\/aclarar-pelo\\\/#respond\"]}]},{\"@type\":\"WebPage\",\"@id\":\"https:\\\/\\\/www.capilclinic.es\\\/blog\\\/aclarar-pelo\\\/\",\"url\":\"https:\\\/\\\/www.capilclinic.es\\\/blog\\\/aclarar-pelo\\\/\",\"name\":\"\u00bfC\u00f3mo aclarar el pelo de forma natural? - Capilclinic \u2714\ufe0f\",\"isPartOf\":{\"@id\":\"https:\\\/\\\/www.capilclinic.es\\\/blog\\\/#website\"},\"primaryImageOfPage\":{\"@id\":\"https:\\\/\\\/www.capilclinic.es\\\/blog\\\/aclarar-pelo\\\/#primaryimage\"},\"image\":{\"@id\":\"https:\\\/\\\/www.capilclinic.es\\\/blog\\\/aclarar-pelo\\\/#primaryimage\"},\"thumbnailUrl\":\"https:\\\/\\\/www.capilclinic.es\\\/blog\\\/wp-content\\\/uploads\\\/2022\\\/12\\\/aclarar-el-pelo-de-manera-natural.jpg\",\"datePublished\":\"2023-02-16T13:38:35+00:00\",\"description\":\"En \u00e9sta entrada del blog hablaremos de \u00bfC\u00f3mo aclarar el pelo de forma natural? . Capilclinic cl\u00ednica l\u00edder de injerto capilar en Espa\u00f1a y Turqu\u00eda\",\"breadcrumb\":{\"@id\":\"https:\\\/\\\/www.capilclinic.es\\\/blog\\\/aclarar-pelo\\\/#breadcrumb\"},\"inLanguage\":\"es\",\"potentialAction\":[{\"@type\":\"ReadAction\",\"target\":[\"https:\\\/\\\/www.capilclinic.es\\\/blog\\\/aclarar-pelo\\\/\"]}]},{\"@type\":\"ImageObject\",\"inLanguage\":\"es\",\"@id\":\"https:\\\/\\\/www.capilclinic.es\\\/blog\\\/aclarar-pelo\\\/#primaryimage\",\"url\":\"https:\\\/\\\/www.capilclinic.es\\\/blog\\\/wp-content\\\/uploads\\\/2022\\\/12\\\/aclarar-el-pelo-de-manera-natural.jpg\",\"contentUrl\":\"https:\\\/\\\/www.capilclinic.es\\\/blog\\\/wp-content\\\/uploads\\\/2022\\\/12\\\/aclarar-el-pelo-de-manera-natural.jpg\",\"width\":600,\"height\":400,\"caption\":\"aclarar el pelo de manera natural\"},{\"@type\":\"BreadcrumbList\",\"@id\":\"https:\\\/\\\/www.capilclinic.es\\\/blog\\\/aclarar-pelo\\\/#breadcrumb\",\"itemListElement\":[{\"@type\":\"ListItem\",\"position\":1,\"name\":\"Portada\",\"item\":\"https:\\\/\\\/www.capilclinic.es\\\/blog\\\/\"},{\"@type\":\"ListItem\",\"position\":2,\"name\":\"\u00bfC\u00f3mo aclarar el pelo de forma natural?\"}]},{\"@type\":\"WebSite\",\"@id\":\"https:\\\/\\\/www.capilclinic.es\\\/blog\\\/#website\",\"url\":\"https:\\\/\\\/www.capilclinic.es\\\/blog\\\/\",\"name\":\"Capilclinic\",\"description\":\"Blog del Mundo Capilar\",\"publisher\":{\"@id\":\"https:\\\/\\\/www.capilclinic.es\\\/blog\\\/#organization\"},\"potentialAction\":[{\"@type\":\"SearchAction\",\"target\":{\"@type\":\"EntryPoint\",\"urlTemplate\":\"https:\\\/\\\/www.capilclinic.es\\\/blog\\\/?s={search_term_string}\"},\"query-input\":{\"@type\":\"PropertyValueSpecification\",\"valueRequired\":true,\"valueName\":\"search_term_string\"}}],\"inLanguage\":\"es\"},{\"@type\":\"Organization\",\"@id\":\"https:\\\/\\\/www.capilclinic.es\\\/blog\\\/#organization\",\"name\":\"Capilclinic\",\"url\":\"https:\\\/\\\/www.capilclinic.es\\\/blog\\\/\",\"logo\":{\"@type\":\"ImageObject\",\"inLanguage\":\"es\",\"@id\":\"https:\\\/\\\/www.capilclinic.es\\\/blog\\\/#\\\/schema\\\/logo\\\/image\\\/\",\"url\":\"https:\\\/\\\/www.capilclinic.es\\\/blog\\\/wp-content\\\/uploads\\\/2022\\\/06\\\/cropped-Logo-Capil-Clinic-colorizado-300x44-1.png\",\"contentUrl\":\"https:\\\/\\\/www.capilclinic.es\\\/blog\\\/wp-content\\\/uploads\\\/2022\\\/06\\\/cropped-Logo-Capil-Clinic-colorizado-300x44-1.png\",\"width\":300,\"height\":44,\"caption\":\"Capilclinic\"},\"image\":{\"@id\":\"https:\\\/\\\/www.capilclinic.es\\\/blog\\\/#\\\/schema\\\/logo\\\/image\\\/\"}},{\"@type\":\"Person\",\"@id\":\"https:\\\/\\\/www.capilclinic.es\\\/blog\\\/#\\\/schema\\\/person\\\/5e4a1211036879a3554b32b35757eff7\",\"name\":\"Capilclinic\",\"image\":{\"@type\":\"ImageObject\",\"inLanguage\":\"es\",\"@id\":\"https:\\\/\\\/secure.gravatar.com\\\/avatar\\\/4fc5776d2e8f1375c50008b9868b6a6d05418936cdd0d8a847670fe38f125806?s=96&d=mm&r=g\",\"url\":\"https:\\\/\\\/secure.gravatar.com\\\/avatar\\\/4fc5776d2e8f1375c50008b9868b6a6d05418936cdd0d8a847670fe38f125806?s=96&d=mm&r=g\",\"contentUrl\":\"https:\\\/\\\/secure.gravatar.com\\\/avatar\\\/4fc5776d2e8f1375c50008b9868b6a6d05418936cdd0d8a847670fe38f125806?s=96&d=mm&r=g\",\"caption\":\"Capilclinic\"},\"sameAs\":[\"https:\\\/\\\/www.capilclinic.es\\\/\"]}]}<\/script>\n<!-- \/ Yoast SEO plugin. -->","yoast_head_json":{"title":"\u00bfC\u00f3mo aclarar el pelo de forma natural? - Capilclinic \u2714\ufe0f","description":"En \u00e9sta entrada del blog hablaremos de \u00bfC\u00f3mo aclarar el pelo de forma natural? . Capilclinic cl\u00ednica l\u00edder de injerto capilar en Espa\u00f1a y Turqu\u00eda","robots":{"index":"index","follow":"follow","max-snippet":"max-snippet:-1","max-image-preview":"max-image-preview:large","max-video-preview":"max-video-preview:-1"},"canonical":"https:\/\/www.capilclinic.es\/blog\/aclarar-pelo\/","og_locale":"es_ES","og_type":"article","og_title":"\u00bfC\u00f3mo aclarar el pelo de forma natural? - Capilclinic \u2714\ufe0f","og_description":"En \u00e9sta entrada del blog hablaremos de \u00bfC\u00f3mo aclarar el pelo de forma natural? . Capilclinic cl\u00ednica l\u00edder de injerto capilar en Espa\u00f1a y Turqu\u00eda","og_url":"https:\/\/www.capilclinic.es\/blog\/aclarar-pelo\/","og_site_name":"Capilclinic","article_published_time":"2023-02-16T13:38:35+00:00","og_image":[{"width":600,"height":400,"url":"https:\/\/www.capilclinic.es\/blog\/wp-content\/uploads\/2022\/12\/aclarar-el-pelo-de-manera-natural.jpg","type":"image\/jpeg"}],"author":"Capilclinic","twitter_card":"summary_large_image","twitter_misc":{"Escrito por":"Capilclinic","Tiempo de lectura":"6 minutos"},"schema":{"@context":"https:\/\/schema.org","@graph":[{"@type":"Article","@id":"https:\/\/www.capilclinic.es\/blog\/aclarar-pelo\/#article","isPartOf":{"@id":"https:\/\/www.capilclinic.es\/blog\/aclarar-pelo\/"},"author":{"name":"Capilclinic","@id":"https:\/\/www.capilclinic.es\/blog\/#\/schema\/person\/5e4a1211036879a3554b32b35757eff7"},"headline":"\u00bfC\u00f3mo aclarar el pelo de forma natural?","datePublished":"2023-02-16T13:38:35+00:00","mainEntityOfPage":{"@id":"https:\/\/www.capilclinic.es\/blog\/aclarar-pelo\/"},"wordCount":1133,"commentCount":0,"publisher":{"@id":"https:\/\/www.capilclinic.es\/blog\/#organization"},"image":{"@id":"https:\/\/www.capilclinic.es\/blog\/aclarar-pelo\/#primaryimage"},"thumbnailUrl":"https:\/\/www.capilclinic.es\/blog\/wp-content\/uploads\/2022\/12\/aclarar-el-pelo-de-manera-natural.jpg","articleSection":["Noticias"],"inLanguage":"es","potentialAction":[{"@type":"CommentAction","name":"Comment","target":["https:\/\/www.capilclinic.es\/blog\/aclarar-pelo\/#respond"]}]},{"@type":"WebPage","@id":"https:\/\/www.capilclinic.es\/blog\/aclarar-pelo\/","url":"https:\/\/www.capilclinic.es\/blog\/aclarar-pelo\/","name":"\u00bfC\u00f3mo aclarar el pelo de forma natural? - Capilclinic \u2714\ufe0f","isPartOf":{"@id":"https:\/\/www.capilclinic.es\/blog\/#website"},"primaryImageOfPage":{"@id":"https:\/\/www.capilclinic.es\/blog\/aclarar-pelo\/#primaryimage"},"image":{"@id":"https:\/\/www.capilclinic.es\/blog\/aclarar-pelo\/#primaryimage"},"thumbnailUrl":"https:\/\/www.capilclinic.es\/blog\/wp-content\/uploads\/2022\/12\/aclarar-el-pelo-de-manera-natural.jpg","datePublished":"2023-02-16T13:38:35+00:00","description":"En \u00e9sta entrada del blog hablaremos de \u00bfC\u00f3mo aclarar el pelo de forma natural? . Capilclinic cl\u00ednica l\u00edder de injerto capilar en Espa\u00f1a y Turqu\u00eda","breadcrumb":{"@id":"https:\/\/www.capilclinic.es\/blog\/aclarar-pelo\/#breadcrumb"},"inLanguage":"es","potentialAction":[{"@type":"ReadAction","target":["https:\/\/www.capilclinic.es\/blog\/aclarar-pelo\/"]}]},{"@type":"ImageObject","inLanguage":"es","@id":"https:\/\/www.capilclinic.es\/blog\/aclarar-pelo\/#primaryimage","url":"https:\/\/www.capilclinic.es\/blog\/wp-content\/uploads\/2022\/12\/aclarar-el-pelo-de-manera-natural.jpg","contentUrl":"https:\/\/www.capilclinic.es\/blog\/wp-content\/uploads\/2022\/12\/aclarar-el-pelo-de-manera-natural.jpg","width":600,"height":400,"caption":"aclarar el pelo de manera natural"},{"@type":"BreadcrumbList","@id":"https:\/\/www.capilclinic.es\/blog\/aclarar-pelo\/#breadcrumb","itemListElement":[{"@type":"ListItem","position":1,"name":"Portada","item":"https:\/\/www.capilclinic.es\/blog\/"},{"@type":"ListItem","position":2,"name":"\u00bfC\u00f3mo aclarar el pelo de forma natural?"}]},{"@type":"WebSite","@id":"https:\/\/www.capilclinic.es\/blog\/#website","url":"https:\/\/www.capilclinic.es\/blog\/","name":"Capilclinic","description":"Blog del Mundo Capilar","publisher":{"@id":"https:\/\/www.capilclinic.es\/blog\/#organization"},"potentialAction":[{"@type":"SearchAction","target":{"@type":"EntryPoint","urlTemplate":"https:\/\/www.capilclinic.es\/blog\/?s={search_term_string}"},"query-input":{"@type":"PropertyValueSpecification","valueRequired":true,"valueName":"search_term_string"}}],"inLanguage":"es"},{"@type":"Organization","@id":"https:\/\/www.capilclinic.es\/blog\/#organization","name":"Capilclinic","url":"https:\/\/www.capilclinic.es\/blog\/","logo":{"@type":"ImageObject","inLanguage":"es","@id":"https:\/\/www.capilclinic.es\/blog\/#\/schema\/logo\/image\/","url":"https:\/\/www.capilclinic.es\/blog\/wp-content\/uploads\/2022\/06\/cropped-Logo-Capil-Clinic-colorizado-300x44-1.png","contentUrl":"https:\/\/www.capilclinic.es\/blog\/wp-content\/uploads\/2022\/06\/cropped-Logo-Capil-Clinic-colorizado-300x44-1.png","width":300,"height":44,"caption":"Capilclinic"},"image":{"@id":"https:\/\/www.capilclinic.es\/blog\/#\/schema\/logo\/image\/"}},{"@type":"Person","@id":"https:\/\/www.capilclinic.es\/blog\/#\/schema\/person\/5e4a1211036879a3554b32b35757eff7","name":"Capilclinic","image":{"@type":"ImageObject","inLanguage":"es","@id":"https:\/\/secure.gravatar.com\/avatar\/4fc5776d2e8f1375c50008b9868b6a6d05418936cdd0d8a847670fe38f125806?s=96&d=mm&r=g","url":"https:\/\/secure.gravatar.com\/avatar\/4fc5776d2e8f1375c50008b9868b6a6d05418936cdd0d8a847670fe38f125806?s=96&d=mm&r=g","contentUrl":"https:\/\/secure.gravatar.com\/avatar\/4fc5776d2e8f1375c50008b9868b6a6d05418936cdd0d8a847670fe38f125806?s=96&d=mm&r=g","caption":"Capilclinic"},"sameAs":["https:\/\/www.capilclinic.es\/"]}]}},"_links":{"self":[{"href":"https:\/\/www.capilclinic.es\/blog\/wp-json\/wp\/v2\/posts\/18707","targetHints":{"allow":["GET"]}}],"collection":[{"href":"https:\/\/www.capilclinic.es\/blog\/wp-json\/wp\/v2\/posts"}],"about":[{"href":"https:\/\/www.capilclinic.es\/blog\/wp-json\/wp\/v2\/types\/post"}],"author":[{"embeddable":true,"href":"https:\/\/www.capilclinic.es\/blog\/wp-json\/wp\/v2\/users\/1"}],"replies":[{"embeddable":true,"href":"https:\/\/www.capilclinic.es\/blog\/wp-json\/wp\/v2\/comments?post=18707"}],"version-history":[{"count":1,"href":"https:\/\/www.capilclinic.es\/blog\/wp-json\/wp\/v2\/posts\/18707\/revisions"}],"predecessor-version":[{"id":18708,"href":"https:\/\/www.capilclinic.es\/blog\/wp-json\/wp\/v2\/posts\/18707\/revisions\/18708"}],"wp:featuredmedia":[{"embeddable":true,"href":"https:\/\/www.capilclinic.es\/blog\/wp-json\/wp\/v2\/media\/18689"}],"wp:attachment":[{"href":"https:\/\/www.capilclinic.es\/blog\/wp-json\/wp\/v2\/media?parent=18707"}],"wp:term":[{"taxonomy":"category","embeddable":true,"href":"https:\/\/www.capilclinic.es\/blog\/wp-json\/wp\/v2\/categories?post=18707"},{"taxonomy":"post_tag","embeddable":true,"href":"https:\/\/www.capilclinic.es\/blog\/wp-json\/wp\/v2\/tags?post=18707"}],"curies":[{"name":"wp","href":"https:\/\/api.w.org\/{rel}","templated":true}]}}